{"id":3018,"date":"2025-05-10T07:51:29","date_gmt":"2025-05-10T07:51:29","guid":{"rendered":"https:\/\/doguhabertv.com\/?p=3018"},"modified":"2025-05-10T07:51:29","modified_gmt":"2025-05-10T07:51:29","slug":"cizrede-lise-ogrencisi-kamyonet-carpmasiyla-hayatini-kaybetti","status":"publish","type":"post","link":"https:\/\/doguhabertv.com\/?p=3018","title":{"rendered":"Cizre&#8217;de Lise \u00d6\u011frencisi Kamyonet \u00c7arpmas\u0131yla Hayat\u0131n\u0131 Kaybetti"},"content":{"rendered":"<h2 id=\"spot\" class=\"mt10 haber_ozet\">\u015e\u0131rnak&#8217;\u0131n Cizre il\u00e7esinde yolun kar\u015f\u0131s\u0131na ge\u00e7erken kamyonetin \u00e7arpt\u0131\u011f\u0131 17 ya\u015f\u0131ndaki \u00f6\u011frenci ya\u015fam\u0131n\u0131 yitirdi.<\/h2>\n<div class=\"hbptDate\">\n<p>\u015e\u0131rnak&#8217;\u0131n\u00a0Cizre\u00a0il\u00e7esinde yolun kar\u015f\u0131 taraf\u0131na ge\u00e7erken kamyonetin \u00e7arpt\u0131\u011f\u0131 lise \u00f6\u011frencisi hayat\u0131n\u0131 kaybetti.<\/p>\n<p>Edinilen bilgiye g\u00f6re, il\u00e7enin Kurumcu k\u00f6y\u00fc giri\u015finde yolun kar\u015f\u0131s\u0131na ge\u00e7erken kamyonetin \u00e7arpt\u0131\u011f\u0131 lise \u00f6\u011frencisi Mazhar Yak\u015fi (17), a\u011f\u0131r yaraland\u0131. \u0130hbar \u00fczerine olay yerine jandarma ve sa\u011fl\u0131k ekibi sevk edildi. Sa\u011fl\u0131k ekipleri, yapt\u0131klar\u0131 kontrollerde Yak\u015fi&#8217;nin hayat\u0131n\u0131 kaybetti\u011fini belirledi. Yak\u015fi&#8217;nin cenazesi otopsi yap\u0131lmak \u00fczere hastane morguna g\u00f6t\u00fcr\u00fcld\u00fc.<\/p>\n<p>Kazayla ilgili inceleme ba\u015flat\u0131ld\u0131.<\/p>\n<\/div>\n<p>&nbsp;<\/p>\n<p><strong>KAYNAK:SONDAK\u0130KA<\/strong><\/p>\n","protected":false},"excerpt":{"rendered":"<p>\u015e\u0131rnak&#8217;\u0131n Cizre il\u00e7esinde yolun kar\u015f\u0131s\u0131na ge\u00e7erken kamyonetin \u00e7arpt\u0131\u011f\u0131 17 ya\u015f\u0131ndaki \u00f6\u011frenci ya\u015fam\u0131n\u0131 yitirdi. \u015e\u0131rnak&#8217;\u0131n\u00a0Cizre\u00a0il\u00e7esinde yolun kar\u015f\u0131 taraf\u0131na ge\u00e7erken kamyonetin \u00e7arpt\u0131\u011f\u0131 lise \u00f6\u011frencisi hayat\u0131n\u0131 kaybetti. Edinilen bilgiye g\u00f6re, il\u00e7enin Kurumcu k\u00f6y\u00fc giri\u015finde yolun kar\u015f\u0131s\u0131na ge\u00e7erken kamyonetin \u00e7arpt\u0131\u011f\u0131 lise \u00f6\u011frencisi Mazhar Yak\u015fi (17), a\u011f\u0131r yaraland\u0131. \u0130hbar \u00fczerine olay yerine jandarma ve sa\u011fl\u0131k ekibi sevk edildi. Sa\u011fl\u0131k ekipleri, [&hellip;]<\/p>\n","protected":false},"author":1,"featured_media":3019,"comment_status":"open","ping_status":"closed","sticky":false,"template":"","format":"standard","meta":{"footnotes":""},"categories":[8,2300],"tags":[2365,2467,2438,2464,2439],"class_list":["post-3018","post","type-post","status-publish","format-standard","has-post-thumbnail","hentry","category-gundem","category-haber","tag-inceleme","tag-cizre","tag-guncel","tag-trafik-kazalari","tag-yerel-haberler"],"_links":{"self":[{"href":"https:\/\/doguhabertv.com\/index.php?rest_route=\/wp\/v2\/posts\/3018","targetHints":{"allow":["GET"]}}],"collection":[{"href":"https:\/\/doguhabertv.com\/index.php?rest_route=\/wp\/v2\/posts"}],"about":[{"href":"https:\/\/doguhabertv.com\/index.php?rest_route=\/wp\/v2\/types\/post"}],"author":[{"embeddable":true,"href":"https:\/\/doguhabertv.com\/index.php?rest_route=\/wp\/v2\/users\/1"}],"replies":[{"embeddable":true,"href":"https:\/\/doguhabertv.com\/index.php?rest_route=%2Fwp%2Fv2%2Fcomments&post=3018"}],"version-history":[{"count":1,"href":"https:\/\/doguhabertv.com\/index.php?rest_route=\/wp\/v2\/posts\/3018\/revisions"}],"predecessor-version":[{"id":3020,"href":"https:\/\/doguhabertv.com\/index.php?rest_route=\/wp\/v2\/posts\/3018\/revisions\/3020"}],"wp:featuredmedia":[{"embeddable":true,"href":"https:\/\/doguhabertv.com\/index.php?rest_route=\/wp\/v2\/media\/3019"}],"wp:attachment":[{"href":"https:\/\/doguhabertv.com\/index.php?rest_route=%2Fwp%2Fv2%2Fmedia&parent=3018"}],"wp:term":[{"taxonomy":"category","embeddable":true,"href":"https:\/\/doguhabertv.com\/index.php?rest_route=%2Fwp%2Fv2%2Fcategories&post=3018"},{"taxonomy":"post_tag","embeddable":true,"href":"https:\/\/doguhabertv.com\/index.php?rest_route=%2Fwp%2Fv2%2Ftags&post=3018"}],"curies":[{"name":"wp","href":"https:\/\/api.w.org\/{rel}","templated":true}]}}