{"id":3014,"date":"2025-03-17T09:14:24","date_gmt":"2025-03-17T09:14:24","guid":{"rendered":"https:\/\/doguhabertv.com\/?p=3014"},"modified":"2025-03-17T09:14:24","modified_gmt":"2025-03-17T09:14:24","slug":"siverekte-takla-atan-aracta-2-yarali","status":"publish","type":"post","link":"https:\/\/doguhabertv.com\/?p=3014","title":{"rendered":"Siverek&#8217;te Takla Atan Ara\u00e7ta 2 Yaral\u0131"},"content":{"rendered":"<p>\u015eanl\u0131urfa&#8217;n\u0131n\u00a0Siverek\u00a0il\u00e7esinde kontrolden \u00e7\u0131kan otomobil takla att\u0131. Kazada 2 ki\u015fi yaraland\u0131.<\/p>\n<p>Kaza, Siverek-\u00a0Hilvan\u00a0Karayolu&#8217;nun 25&#8217;inci kilometresinde meydana geldi. Edinilen bilgilere g\u00f6re, s\u00fcr\u00fcc\u00fcs\u00fcn\u00fcn ismi \u00f6\u011frenilemeyen otomobil, direksiyon hakimiyetinin kaybedilmesi sonucu takla att\u0131. Yoldan ge\u00e7en di\u011fer s\u00fcr\u00fcc\u00fclerin ihbar\u0131 \u00fczerine olay yerine sa\u011fl\u0131k ekipleri sevk edildi. Yaral\u0131lar, olay yerinde yap\u0131lan ilk m\u00fcdahalenin ard\u0131ndan ambulansla Siverek\u00a0Devlet Hastanesi&#8217;ne kald\u0131r\u0131larak tedavi alt\u0131na al\u0131nd\u0131.<\/p>\n<p>Kaza ile ilgili inceleme ba\u015flat\u0131ld\u0131.<\/p>\n<p>&nbsp;<\/p>\n<p><strong>KAYNAK:SONDAK\u0130KA<\/strong><\/p>\n","protected":false},"excerpt":{"rendered":"<p>\u015eanl\u0131urfa&#8217;n\u0131n\u00a0Siverek\u00a0il\u00e7esinde kontrolden \u00e7\u0131kan otomobil takla att\u0131. Kazada 2 ki\u015fi yaraland\u0131. Kaza, Siverek-\u00a0Hilvan\u00a0Karayolu&#8217;nun 25&#8217;inci kilometresinde meydana geldi. Edinilen bilgilere g\u00f6re, s\u00fcr\u00fcc\u00fcs\u00fcn\u00fcn ismi \u00f6\u011frenilemeyen otomobil, direksiyon hakimiyetinin kaybedilmesi sonucu takla att\u0131. Yoldan ge\u00e7en di\u011fer s\u00fcr\u00fcc\u00fclerin ihbar\u0131 \u00fczerine olay yerine sa\u011fl\u0131k ekipleri sevk edildi. Yaral\u0131lar, olay yerinde yap\u0131lan ilk m\u00fcdahalenin ard\u0131ndan ambulansla Siverek\u00a0Devlet Hastanesi&#8217;ne kald\u0131r\u0131larak tedavi alt\u0131na al\u0131nd\u0131. [&hellip;]<\/p>\n","protected":false},"author":1,"featured_media":3015,"comment_status":"open","ping_status":"closed","sticky":false,"template":"","format":"standard","meta":{"footnotes":""},"categories":[8,2300],"tags":[2416,2466,1135,1570,2210],"class_list":["post-3014","post","type-post","status-publish","format-standard","has-post-thumbnail","hentry","category-gundem","category-haber","tag-siverek","tag-hilvan","tag-kaza","tag-otomobil","tag-yasam"],"_links":{"self":[{"href":"https:\/\/doguhabertv.com\/index.php?rest_route=\/wp\/v2\/posts\/3014","targetHints":{"allow":["GET"]}}],"collection":[{"href":"https:\/\/doguhabertv.com\/index.php?rest_route=\/wp\/v2\/posts"}],"about":[{"href":"https:\/\/doguhabertv.com\/index.php?rest_route=\/wp\/v2\/types\/post"}],"author":[{"embeddable":true,"href":"https:\/\/doguhabertv.com\/index.php?rest_route=\/wp\/v2\/users\/1"}],"replies":[{"embeddable":true,"href":"https:\/\/doguhabertv.com\/index.php?rest_route=%2Fwp%2Fv2%2Fcomments&post=3014"}],"version-history":[{"count":1,"href":"https:\/\/doguhabertv.com\/index.php?rest_route=\/wp\/v2\/posts\/3014\/revisions"}],"predecessor-version":[{"id":3016,"href":"https:\/\/doguhabertv.com\/index.php?rest_route=\/wp\/v2\/posts\/3014\/revisions\/3016"}],"wp:featuredmedia":[{"embeddable":true,"href":"https:\/\/doguhabertv.com\/index.php?rest_route=\/wp\/v2\/media\/3015"}],"wp:attachment":[{"href":"https:\/\/doguhabertv.com\/index.php?rest_route=%2Fwp%2Fv2%2Fmedia&parent=3014"}],"wp:term":[{"taxonomy":"category","embeddable":true,"href":"https:\/\/doguhabertv.com\/index.php?rest_route=%2Fwp%2Fv2%2Fcategories&post=3014"},{"taxonomy":"post_tag","embeddable":true,"href":"https:\/\/doguhabertv.com\/index.php?rest_route=%2Fwp%2Fv2%2Ftags&post=3014"}],"curies":[{"name":"wp","href":"https:\/\/api.w.org\/{rel}","templated":true}]}}