{"id":3011,"date":"2025-03-17T09:12:40","date_gmt":"2025-03-17T09:12:40","guid":{"rendered":"https:\/\/doguhabertv.com\/?p=3011"},"modified":"2025-03-17T09:12:40","modified_gmt":"2025-03-17T09:12:40","slug":"erciste-traktor-minibus-kazasi-2-yarali","status":"publish","type":"post","link":"https:\/\/doguhabertv.com\/?p=3011","title":{"rendered":"Erci\u015f&#8217;te Trakt\u00f6r-Minib\u00fcs Kazas\u0131: 2 Yaral\u0131"},"content":{"rendered":"<p>Van&#8217;\u0131n\u00a0Erci\u015f\u00a0il\u00e7esinde trakt\u00f6r ile minib\u00fcs\u00fcn \u00e7arp\u0131\u015fmas\u0131 sonucu meydana gelen\u00a0trafik\u00a0kazas\u0131nda 2 ki\u015fi yaraland\u0131.<\/p>\n<p>Edinilen bilgiye g\u00f6re kaza, Erci\u015f-\u00a0Patnos\u00a0kara yolu \u00fczerinde bulunan A\u015fa\u011f\u0131 I\u015f\u0131kl\u0131 Mahallesi&#8217;nde otogar kar\u015f\u0131s\u0131nda meydana geldi. M.Y. y\u00f6netimindeki saman y\u00fckl\u00fc trakt\u00f6r\u00fcn Y.D. y\u00f6netimindeki minib\u00fcsle \u00e7arp\u0131\u015fmas\u0131 sonucu meydana gelen trafik kazas\u0131nda s\u00fcr\u00fcs\u00fcler yaraland\u0131. Haber verilmesi \u00fczerine b\u00f6lgeye ambulans, jandarma ve Erci\u015f\u00a0\u0130tfaiye\u00a0Grup Amirli\u011fi ekipleri sevk edildi. Yaral\u0131lar ekiplerin yard\u0131m\u0131yla sa\u011fl\u0131k ekiplerine teslim edildi. Yaral\u0131lar olay yerinde yap\u0131lan ilk m\u00fcdahalenin ard\u0131ndan ambulanslarla hastaneye kald\u0131r\u0131larak tedavi alt\u0131na al\u0131nd\u0131. Kazayla ilgili tahkikat ba\u015flat\u0131ld\u0131.<\/p>\n<p>&nbsp;<\/p>\n<p><strong>KAYNAK:SONDAK\u0130KA<\/strong><\/p>\n","protected":false},"excerpt":{"rendered":"<p>Van&#8217;\u0131n\u00a0Erci\u015f\u00a0il\u00e7esinde trakt\u00f6r ile minib\u00fcs\u00fcn \u00e7arp\u0131\u015fmas\u0131 sonucu meydana gelen\u00a0trafik\u00a0kazas\u0131nda 2 ki\u015fi yaraland\u0131. Edinilen bilgiye g\u00f6re kaza, Erci\u015f-\u00a0Patnos\u00a0kara yolu \u00fczerinde bulunan A\u015fa\u011f\u0131 I\u015f\u0131kl\u0131 Mahallesi&#8217;nde otogar kar\u015f\u0131s\u0131nda meydana geldi. M.Y. y\u00f6netimindeki saman y\u00fckl\u00fc trakt\u00f6r\u00fcn Y.D. y\u00f6netimindeki minib\u00fcsle \u00e7arp\u0131\u015fmas\u0131 sonucu meydana gelen trafik kazas\u0131nda s\u00fcr\u00fcs\u00fcler yaraland\u0131. Haber verilmesi \u00fczerine b\u00f6lgeye ambulans, jandarma ve Erci\u015f\u00a0\u0130tfaiye\u00a0Grup Amirli\u011fi ekipleri sevk edildi. Yaral\u0131lar [&hellip;]<\/p>\n","protected":false},"author":1,"featured_media":3012,"comment_status":"open","ping_status":"closed","sticky":false,"template":"","format":"standard","meta":{"footnotes":""},"categories":[8,2300],"tags":[2347,2465,829,1135,2076,2464,2210,2439],"class_list":["post-3011","post","type-post","status-publish","format-standard","has-post-thumbnail","hentry","category-gundem","category-haber","tag-van","tag-ercis","tag-guvenlik","tag-kaza","tag-trafik","tag-trafik-kazalari","tag-yasam","tag-yerel-haberler"],"_links":{"self":[{"href":"https:\/\/doguhabertv.com\/index.php?rest_route=\/wp\/v2\/posts\/3011","targetHints":{"allow":["GET"]}}],"collection":[{"href":"https:\/\/doguhabertv.com\/index.php?rest_route=\/wp\/v2\/posts"}],"about":[{"href":"https:\/\/doguhabertv.com\/index.php?rest_route=\/wp\/v2\/types\/post"}],"author":[{"embeddable":true,"href":"https:\/\/doguhabertv.com\/index.php?rest_route=\/wp\/v2\/users\/1"}],"replies":[{"embeddable":true,"href":"https:\/\/doguhabertv.com\/index.php?rest_route=%2Fwp%2Fv2%2Fcomments&post=3011"}],"version-history":[{"count":1,"href":"https:\/\/doguhabertv.com\/index.php?rest_route=\/wp\/v2\/posts\/3011\/revisions"}],"predecessor-version":[{"id":3013,"href":"https:\/\/doguhabertv.com\/index.php?rest_route=\/wp\/v2\/posts\/3011\/revisions\/3013"}],"wp:featuredmedia":[{"embeddable":true,"href":"https:\/\/doguhabertv.com\/index.php?rest_route=\/wp\/v2\/media\/3012"}],"wp:attachment":[{"href":"https:\/\/doguhabertv.com\/index.php?rest_route=%2Fwp%2Fv2%2Fmedia&parent=3011"}],"wp:term":[{"taxonomy":"category","embeddable":true,"href":"https:\/\/doguhabertv.com\/index.php?rest_route=%2Fwp%2Fv2%2Fcategories&post=3011"},{"taxonomy":"post_tag","embeddable":true,"href":"https:\/\/doguhabertv.com\/index.php?rest_route=%2Fwp%2Fv2%2Ftags&post=3011"}],"curies":[{"name":"wp","href":"https:\/\/api.w.org\/{rel}","templated":true}]}}