{"id":3008,"date":"2025-03-17T09:11:23","date_gmt":"2025-03-17T09:11:23","guid":{"rendered":"https:\/\/doguhabertv.com\/?p=3008"},"modified":"2025-03-17T09:11:23","modified_gmt":"2025-03-17T09:11:23","slug":"hakkaride-tandir-evinde-yangin-cikti","status":"publish","type":"post","link":"https:\/\/doguhabertv.com\/?p=3008","title":{"rendered":"Hakkari&#8217;de Tand\u0131r Evinde Yang\u0131n \u00c7\u0131kt\u0131"},"content":{"rendered":"<p>Hakkari&#8217;nin\u00a0Y\u00fcksekova\u00a0il\u00e7esinde, tand\u0131r evinde \u00e7\u0131kan yang\u0131n korkuya neden olurken, ekiplerin m\u00fcdahalesiyle s\u00f6nd\u00fcr\u00fcld\u00fc.<\/p>\n<p>Edinilen bilgilere g\u00f6re, yang\u0131n, il\u00e7enin \u0130pek mahallesinde ikamet eden Necmettin \u00d6zer&#8217;e ait tand\u0131r evi ve odunlukta iftar vakti \u00e7\u0131kt\u0131.<\/p>\n<p>Tand\u0131r evine ve odunlu\u011fa ait olan, hen\u00fcz nedeni bilinmeyen yang\u0131n h\u0131zla b\u00fcy\u00fcd\u00fc ve alevler her yeri sard\u0131.<\/p>\n<p>\u00c7evredeki vatanda\u015flar yang\u0131n\u0131n b\u00fcy\u00fcd\u00fc\u011f\u00fcn\u00fc g\u00f6r\u00fcnce yard\u0131ma ko\u015ftu ancak yetersiz kald\u0131lar. Bunun \u00fczerine Y\u00fcksekova Belediyesi\u00a0\u0130tfaiye\u00a0M\u00fcd\u00fcrl\u00fc\u011f\u00fc ekiplerine haber verildi.<\/p>\n<p>Haber verilmesi \u00fczerine b\u00f6lgeye gelen itfaiye ekipleri yang\u0131na m\u00fcdahale ederek s\u00f6nd\u00fcrd\u00fc.<\/p>\n<p>Yang\u0131n sonucunda \u00d6zer ailesine ait tand\u0131r evi ve odunluk kullan\u0131lamaz hale gelirken, i\u00e7inde bulunan bir\u00e7ok e\u015fya k\u00fcle d\u00f6nd\u00fc.<\/p>\n<p>Yang\u0131n nedeniyle ma\u011fdur olan \u00d6zer ailesi, kendilerine yard\u0131m eden itfaiye ekiplerine te\u015fekk\u00fcr etti.<\/p>\n<p>&nbsp;<\/p>\n<p><strong>KAYNAK:SONDAK\u0130KA<\/strong><\/p>\n","protected":false},"excerpt":{"rendered":"<p>Hakkari&#8217;nin\u00a0Y\u00fcksekova\u00a0il\u00e7esinde, tand\u0131r evinde \u00e7\u0131kan yang\u0131n korkuya neden olurken, ekiplerin m\u00fcdahalesiyle s\u00f6nd\u00fcr\u00fcld\u00fc. Edinilen bilgilere g\u00f6re, yang\u0131n, il\u00e7enin \u0130pek mahallesinde ikamet eden Necmettin \u00d6zer&#8217;e ait tand\u0131r evi ve odunlukta iftar vakti \u00e7\u0131kt\u0131. Tand\u0131r evine ve odunlu\u011fa ait olan, hen\u00fcz nedeni bilinmeyen yang\u0131n h\u0131zla b\u00fcy\u00fcd\u00fc ve alevler her yeri sard\u0131. \u00c7evredeki vatanda\u015flar yang\u0131n\u0131n b\u00fcy\u00fcd\u00fc\u011f\u00fcn\u00fc g\u00f6r\u00fcnce yard\u0131ma ko\u015ftu ancak [&hellip;]<\/p>\n","protected":false},"author":1,"featured_media":3009,"comment_status":"open","ping_status":"closed","sticky":false,"template":"","format":"standard","meta":{"footnotes":""},"categories":[8,2300],"tags":[2312,2359,2337,829,2439],"class_list":["post-3008","post","type-post","status-publish","format-standard","has-post-thumbnail","hentry","category-gundem","category-haber","tag-hakkari","tag-itfaiye","tag-yuksekova","tag-guvenlik","tag-yerel-haberler"],"_links":{"self":[{"href":"https:\/\/doguhabertv.com\/index.php?rest_route=\/wp\/v2\/posts\/3008","targetHints":{"allow":["GET"]}}],"collection":[{"href":"https:\/\/doguhabertv.com\/index.php?rest_route=\/wp\/v2\/posts"}],"about":[{"href":"https:\/\/doguhabertv.com\/index.php?rest_route=\/wp\/v2\/types\/post"}],"author":[{"embeddable":true,"href":"https:\/\/doguhabertv.com\/index.php?rest_route=\/wp\/v2\/users\/1"}],"replies":[{"embeddable":true,"href":"https:\/\/doguhabertv.com\/index.php?rest_route=%2Fwp%2Fv2%2Fcomments&post=3008"}],"version-history":[{"count":1,"href":"https:\/\/doguhabertv.com\/index.php?rest_route=\/wp\/v2\/posts\/3008\/revisions"}],"predecessor-version":[{"id":3010,"href":"https:\/\/doguhabertv.com\/index.php?rest_route=\/wp\/v2\/posts\/3008\/revisions\/3010"}],"wp:featuredmedia":[{"embeddable":true,"href":"https:\/\/doguhabertv.com\/index.php?rest_route=\/wp\/v2\/media\/3009"}],"wp:attachment":[{"href":"https:\/\/doguhabertv.com\/index.php?rest_route=%2Fwp%2Fv2%2Fmedia&parent=3008"}],"wp:term":[{"taxonomy":"category","embeddable":true,"href":"https:\/\/doguhabertv.com\/index.php?rest_route=%2Fwp%2Fv2%2Fcategories&post=3008"},{"taxonomy":"post_tag","embeddable":true,"href":"https:\/\/doguhabertv.com\/index.php?rest_route=%2Fwp%2Fv2%2Ftags&post=3008"}],"curies":[{"name":"wp","href":"https:\/\/api.w.org\/{rel}","templated":true}]}}