{"id":3005,"date":"2025-03-13T09:51:34","date_gmt":"2025-03-13T09:51:34","guid":{"rendered":"https:\/\/doguhabertv.com\/?p=3005"},"modified":"2025-03-13T09:51:34","modified_gmt":"2025-03-13T09:51:34","slug":"hakkaride-deprem-ani-guvenlik-onlemleri-hayat-kurtardi","status":"publish","type":"post","link":"https:\/\/doguhabertv.com\/?p=3005","title":{"rendered":"Hakkari&#8217;de Deprem An\u0131: G\u00fcvenlik \u00d6nlemleri Hayat Kurtard\u0131"},"content":{"rendered":"<p>HAKKAR\u0130 (\u0130HA) \u2013\u00a0Irak&#8217;ta meydana gelen ve\u00a0Hakkari&#8217;de de hissedilen 4.8 b\u00fcy\u00fckl\u00fc\u011f\u00fcndeki deprem s\u0131ras\u0131nda bir ailenin ev kameras\u0131na yans\u0131yan anlar, i\u00e7 mekan g\u00fcvenli\u011finin \u00f6nemini bir kez daha g\u00f6zler \u00f6n\u00fcne serdi.<\/p>\n<p>11 \u015eubat 2025&#8217;te saat 21.03&#8217;te Irak&#8217;\u0131n\u00a0Erbil\u00a0b\u00f6lgesinde meydana gelen 4.8 b\u00fcy\u00fckl\u00fc\u011f\u00fcndeki deprem, Hakkari&#8217;de de hissedildi.\u00a0Deprem\u00a0an\u0131nda evde bulunan Elsem bebek ve ailesinin ya\u015fad\u0131\u011f\u0131 anlar, evde kurulu kamera taraf\u0131ndan kaydedildi. Sars\u0131nt\u0131 s\u0131ras\u0131nda Elsem bebe\u011fin verdi\u011fi tepkiler dikkat \u00e7ekerken, evde bulunan e\u015fyalar\u0131n sabitlenmi\u015f olmas\u0131 muhtemel bir felaketin \u00f6n\u00fcne ge\u00e7ti. \u00d6zellikle sa\u011flam duvara monte edilen dolaplar, devrilmeyerek g\u00fcvenli\u011fi sa\u011flad\u0131.<\/p>\n<p>Deprem s\u0131ras\u0131nda en b\u00fcy\u00fck risklerden biri, e\u015fyalar\u0131n devrilmesi ya da \u00e7\u0131k\u0131\u015f yollar\u0131n\u0131 kapatarak tahliyeyi zorla\u015ft\u0131rmas\u0131d\u0131r. Hakkari&#8217;deki bu evde al\u0131nan g\u00fcvenlik \u00f6nlemleri, ya\u015fanabilecek olumsuzluklar\u0131n \u00f6n\u00fcne ge\u00e7ti. Uzmanlar, muhtemel depremlere kar\u015f\u0131 ev i\u00e7i g\u00fcvenlik \u00f6nlemlerinin art\u0131r\u0131lmas\u0131 gerekti\u011fini vurguluyor.<\/p>\n<p>Deprem ku\u015fa\u011f\u0131nda bulunan\u00a0T\u00fcrkiye&#8217;de, evlerin g\u00fcvenli\u011fi i\u00e7in e\u015fyalar\u0131n sabitlenmesi, acil \u00e7\u0131k\u0131\u015f yollar\u0131n\u0131n a\u00e7\u0131k tutulmas\u0131 ve sars\u0131nt\u0131 an\u0131nda do\u011fru hareket edilmesinin b\u00fcy\u00fck \u00f6nem ta\u015f\u0131d\u0131\u011f\u0131n\u0131 belirterek, Elsem bebe\u011fin depreme yakaland\u0131\u011f\u0131 anlar\u0131n bu konuda bilin\u00e7lenmenin ne kadar kritik oldu\u011funu bir kez daha g\u00f6sterdi\u011fini kaydettiler.<\/p>\n<p>&nbsp;<\/p>\n<p>&nbsp;<\/p>\n<p><strong>KAYNAK:SONDAK\u0130KA<\/strong><\/p>\n","protected":false},"excerpt":{"rendered":"<p>HAKKAR\u0130 (\u0130HA) \u2013\u00a0Irak&#8217;ta meydana gelen ve\u00a0Hakkari&#8217;de de hissedilen 4.8 b\u00fcy\u00fckl\u00fc\u011f\u00fcndeki deprem s\u0131ras\u0131nda bir ailenin ev kameras\u0131na yans\u0131yan anlar, i\u00e7 mekan g\u00fcvenli\u011finin \u00f6nemini bir kez daha g\u00f6zler \u00f6n\u00fcne serdi. 11 \u015eubat 2025&#8217;te saat 21.03&#8217;te Irak&#8217;\u0131n\u00a0Erbil\u00a0b\u00f6lgesinde meydana gelen 4.8 b\u00fcy\u00fckl\u00fc\u011f\u00fcndeki deprem, Hakkari&#8217;de de hissedildi.\u00a0Deprem\u00a0an\u0131nda evde bulunan Elsem bebek ve ailesinin ya\u015fad\u0131\u011f\u0131 anlar, evde kurulu kamera taraf\u0131ndan kaydedildi. [&hellip;]<\/p>\n","protected":false},"author":1,"featured_media":3006,"comment_status":"open","ping_status":"closed","sticky":false,"template":"","format":"standard","meta":{"footnotes":""},"categories":[8,2300],"tags":[2312,487,829,2459,1737,2210],"class_list":["post-3005","post","type-post","status-publish","format-standard","has-post-thumbnail","hentry","category-gundem","category-haber","tag-hakkari","tag-deprem","tag-guvenlik","tag-irak","tag-saglik","tag-yasam"],"_links":{"self":[{"href":"https:\/\/doguhabertv.com\/index.php?rest_route=\/wp\/v2\/posts\/3005","targetHints":{"allow":["GET"]}}],"collection":[{"href":"https:\/\/doguhabertv.com\/index.php?rest_route=\/wp\/v2\/posts"}],"about":[{"href":"https:\/\/doguhabertv.com\/index.php?rest_route=\/wp\/v2\/types\/post"}],"author":[{"embeddable":true,"href":"https:\/\/doguhabertv.com\/index.php?rest_route=\/wp\/v2\/users\/1"}],"replies":[{"embeddable":true,"href":"https:\/\/doguhabertv.com\/index.php?rest_route=%2Fwp%2Fv2%2Fcomments&post=3005"}],"version-history":[{"count":1,"href":"https:\/\/doguhabertv.com\/index.php?rest_route=\/wp\/v2\/posts\/3005\/revisions"}],"predecessor-version":[{"id":3007,"href":"https:\/\/doguhabertv.com\/index.php?rest_route=\/wp\/v2\/posts\/3005\/revisions\/3007"}],"wp:featuredmedia":[{"embeddable":true,"href":"https:\/\/doguhabertv.com\/index.php?rest_route=\/wp\/v2\/media\/3006"}],"wp:attachment":[{"href":"https:\/\/doguhabertv.com\/index.php?rest_route=%2Fwp%2Fv2%2Fmedia&parent=3005"}],"wp:term":[{"taxonomy":"category","embeddable":true,"href":"https:\/\/doguhabertv.com\/index.php?rest_route=%2Fwp%2Fv2%2Fcategories&post=3005"},{"taxonomy":"post_tag","embeddable":true,"href":"https:\/\/doguhabertv.com\/index.php?rest_route=%2Fwp%2Fv2%2Ftags&post=3005"}],"curies":[{"name":"wp","href":"https:\/\/api.w.org\/{rel}","templated":true}]}}