{"id":3002,"date":"2025-03-13T09:50:02","date_gmt":"2025-03-13T09:50:02","guid":{"rendered":"https:\/\/doguhabertv.com\/?p=3002"},"modified":"2025-03-13T09:50:02","modified_gmt":"2025-03-13T09:50:02","slug":"cumhurbaskani-erdoganin-talimati-uzerine-bitliste-sehit-387-asker-icin-calisma-baslatildi","status":"publish","type":"post","link":"https:\/\/doguhabertv.com\/?p=3002","title":{"rendered":"Cumhurba\u015fkan\u0131 Erdo\u011fan&#8217;\u0131n talimat\u0131 \u00fczerine Bitlis&#8217;te \u015fehit 387 asker i\u00e7in \u00e7al\u0131\u015fma ba\u015flat\u0131ld\u0131"},"content":{"rendered":"<p>AK Parti\u00a0Bitlis\u00a0\u0130l Ba\u015fkan\u0131 Kadir K\u00f6stek\u00e7i, 1916 y\u0131l\u0131nda Bitlis-\u00a0Mutki\u00a0kara yolu \u00fczerinde bulunan Kar\u00e7\u0131nba\u015f\u0131 mevkiinde \u015fehit edilen 387 askerin mezar\u0131 i\u00e7in \u00e7al\u0131\u015fma ba\u015flat\u0131ld\u0131\u011f\u0131n\u0131 belirterek,\u00a0\u00c7anakkale&#8217;de bulunan an\u0131t\u0131n burada da yap\u0131lmas\u0131n\u0131 talep etti.<\/p>\n<p>Ba\u015fkan K\u00f6stek\u00e7i, 1916 y\u0131l\u0131nda \u00c7anakkale Cephesi&#8217;nin kapanmas\u0131n\u0131n ard\u0131ndan Bitlis&#8217;i Rus ve Ermeni \u00e7etelerine kar\u015f\u0131 savunmak i\u00e7in gelen bir tabur askerin Kar\u00e7\u0131nba\u015f\u0131 mevkiinde \u015fehit edildi\u011fini ifade etti. K\u00f6stek\u00e7i, konuyu Cumhurba\u015fkan\u0131\u00a0Recep Tayyip Erdo\u011fan&#8217;a ilettiklerini ve Cumhurba\u015fkan\u0131n\u0131n talimat\u0131yla s\u00fcrecin h\u0131zland\u0131\u011f\u0131n\u0131 belirterek,\u00a0K\u00fclt\u00fcr\u00a0ve\u00a0Turizm\u00a0Bakanl\u0131\u011f\u0131 ile \u0130\u00e7i\u015fleri Bakanl\u0131\u011f\u0131n\u0131n harekete ge\u00e7ti\u011fini s\u00f6yledi. K\u00f6stek\u00e7i, &#8220;Bu kapsamda, K\u00fclt\u00fcr ve Turizm, \u0130\u00e7i\u015fleri Bakanl\u0131klar\u0131 yetkilileri bir araya gelerek\u00a0Bitlis Valili\u011fi\u00a0ile irtibata ge\u00e7ti ve konuyla ilgili bir komisyon kuruldu. Komisyonda yer alan uzmanlar, alanda detayl\u0131 \u00e7al\u0131\u015fmalar\u0131na ba\u015flayacak&#8221; dedi.<\/p>\n<p>AK Parti Bitlis \u0130l Ba\u015fkan\u0131 Kadir K\u00f6stek\u00e7i, ara\u015ft\u0131rmac\u0131 yazar Mehmet T\u00f6rehan Serdar&#8217;\u0131n da uzun u\u011fra\u015flar sonucu haz\u0131rlam\u0131\u015f oldu\u011fu dosya \u00fczerinde duruldu\u011funu ifade ederek, \u015funlar\u0131 s\u00f6yledi:<\/p>\n<p>&#8220;\u00d6nce toplu mezar iddias\u0131 de\u011ferlendirilecek daha sonra niyetimiz odur ki ve bu iddia a\u00e7\u0131\u011fa \u00e7\u0131kt\u0131ktan sonra \u015fehitlerimizin kimliklerinin tespit edilmesi ve burada bir an\u0131t yap\u0131lmas\u0131d\u0131r. \u015eu an Bitlislilerin uzun zamand\u0131r hayalini kurdu\u011fu ve burada \u00e7ok \u00f6nemli \u015fehitlerimizin bulundu\u011fu bu alanda Cumhurba\u015fkan\u0131m\u0131z Recep Tayyip Erdo\u011fan&#8217;\u0131n talimatlar\u0131 do\u011frultusunda \u00e7al\u0131\u015fmalara ba\u015fland\u0131\u011f\u0131n\u0131n mutlulu\u011funu ya\u015famaktay\u0131z. Buradaki alan herkeste bilir ki 387 \u015fehidimizin bulundu\u011fu \u00e7ok \u00f6nemli bir alan. 1916 y\u0131l\u0131nda \u00c7anakkale Anadolu&#8217;nun bat\u0131 kap\u0131s\u0131. Yani Anadolu&#8217;yu ele ge\u00e7irmenin iki yolu vard\u0131. ya bat\u0131 kap\u0131s\u0131 olan \u00c7anakkale&#8217;den girilecekti ya da do\u011fu kap\u0131s\u0131 olan\u00a0Ahlat,\u00a0Malazgirt\u00a0ve Bitlis kap\u0131s\u0131nda girilecekti. \u00c7anakkale&#8217;den Anadolu&#8217;yu fethedemeyece\u011fini anlayan d\u00fc\u015fman kuvvetleri Anadolu&#8217;yu Bitlis \u00fczerinden ele ge\u00e7irmeye \u00e7al\u0131\u015fm\u0131\u015flard\u0131r. \u0130ddiaya g\u00f6re \u00c7anakkale cephesi kapand\u0131ktan sonra bir tabur asker Ruslara kar\u015f\u0131 Bitlis&#8217;i savunmak i\u00e7in g\u00f6nderilmi\u015ftir. Buraya g\u00f6nderilen askerler burada konu\u015flanm\u0131\u015f ve vatan\u0131 ve Bitlis&#8217;i savunmak \u00fczere haz\u0131r vaziyette beklemi\u015flerdir. Yine iddiaya g\u00f6re Ermeni \u00e7etelerinin deste\u011fi ile K\u00f6m\u00fcs Mahallesi&#8217;nin arka taraf\u0131ndan gelmek suretiyle burada bulunan bir tabur asker k\u0131st\u0131r\u0131lm\u0131\u015f ve ne yaz\u0131k ki 387 askerin tamam\u0131 burada \u015fehit edilmi\u015ftir. Burada \u015fehit edilen askerlerin iddiaya g\u00f6re \u00e7ok \u00f6nemli bir k\u0131sm\u0131 ilk \u00f6nce \u00c7anakkale&#8217;yi savunmak i\u00e7in daha sonra Bitlis&#8217;i savunmak i\u00e7in \u0130slam co\u011frafyas\u0131n\u0131n bir\u00e7ok yerinden gelen g\u00f6n\u00fcll\u00fc askerlerdi. Bu konu ge\u00e7ti\u011fimiz g\u00fcnlerde il ba\u015fkanlar\u0131 toplant\u0131s\u0131nda Cumhurba\u015fkan\u0131m\u0131za arz edilmi\u015f ve Cumhurba\u015fkan\u0131m\u0131z da hemen talimat\u0131 vermi\u015ftir. Talimat \u00fczerine K\u00fclt\u00fcr ve Turizm Bakanl\u0131\u011f\u0131m\u0131z ile \u0130\u00e7i\u015fleri Bakanl\u0131\u011f\u0131m\u0131z harekete ge\u00e7mi\u015ftir. Konuyla ilgili Bitlis Valili\u011fimize bir talimat verilmi\u015ftir. Talimat \u00fczerine burayla ilgili bir komisyon kurulmu\u015ftur. Bundan \u00f6ncede burayla ilgili bir \u00e7al\u0131\u015fma s\u00f6z konusuydu ancak talimatlar \u00fczerine yine \u00e7al\u0131\u015fmalar ba\u015flat\u0131ld\u0131. Bu \u00e7al\u0131\u015fma kapsam\u0131nda alan\u0131n yeri belirlenmi\u015f ayr\u0131ca say\u0131sal de\u011fer anlam\u0131nda da pafta yeri de belirlenmi\u015ftir. Bu alanda gerekli \u00e7al\u0131\u015fmalar yap\u0131lm\u0131\u015f fakat yeterli \u00e7al\u0131\u015fma olmad\u0131\u011f\u0131 i\u00e7in ve alan karla kapl\u0131 oldu\u011fu i\u00e7in toplu mezar iddias\u0131 hen\u00fcz a\u00e7\u0131klanamam\u0131\u015ft\u0131r. Ancak karlar yerden kalkt\u0131ktan sonra valili\u011fimizin de kurdu\u011fu komisyonda g\u00f6rev alacak gerek Milli Savunma Bakanl\u0131\u011f\u0131ndan gerek \u00fcniversiteden gerekse K\u00fclt\u00fcr ve Turizm Bakanl\u0131\u011f\u0131ndan ve bu alanda uzman hocalar\u0131n da kat\u0131l\u0131m\u0131yla kurulacak olan komisyon burada gerekli incelemeleri yapacak. Mehmet T\u00f6rehan Serdar hocam\u0131z\u0131n da uzun u\u011fra\u015flar sonucu haz\u0131rlam\u0131\u015f oldu\u011fu dosya \u00fczerinde durularak \u00e7al\u0131\u015fmalara ba\u015flanacak. \u00d6nce toplu mezar iddias\u0131 de\u011ferlendirilecek daha sonra niyetimiz odur ki ve bu iddia a\u00e7\u0131\u011fa \u00e7\u0131kt\u0131ktan sonra \u015fehitlerimizin kimliklerinin tespit edilmesi ve burada bir an\u0131t yap\u0131lmas\u0131d\u0131r&#8221; dedi.<\/p>\n<p>&#8220;Yap\u0131lacak olan an\u0131t\u0131n Anadolu&#8217;nun bat\u0131 kap\u0131s\u0131 olan \u00c7anakkale \u015eehitli\u011findeki an\u0131t\u0131n benzerinin burada yap\u0131lmas\u0131 talebimizdir&#8221; diyen K\u00f6stek\u00e7i, &#8220;\u00c7\u00fcnk\u00fc bat\u0131 kap\u0131s\u0131nda vatan savunulmu\u015f ard\u0131ndan do\u011fu kap\u0131s\u0131na gelinmi\u015ftir ve do\u011fu kap\u0131s\u0131nda da burada bir\u00e7ok askerimiz \u015fehit olmu\u015f ve burada da vatan savunulmu\u015ftur. O y\u00fczden \u00c7anakkale&#8217;de bulunan an\u0131t\u0131n Bitlis-Mutki kara yolu \u00fczerinde bulunan Kar\u00e7\u0131nba\u015f\u0131 mevkiinde yap\u0131lmas\u0131 en \u00f6nemli arzumuzdur. Bu konuda Cumhurba\u015fkan\u0131m\u0131z\u0131n \u00e7ok \u00f6nemli destekleri s\u00f6z konusudur. K\u00fclt\u00fcr ve Turizm Bakanl\u0131\u011f\u0131m\u0131z konuya hassasiyetle e\u011filmektedir. Bitlis Valili\u011fimiz \u00e7ok ciddi \u00e7al\u0131\u015fmalar i\u00e7erisindedir. Yine iddiaya g\u00f6re s\u00f6z konusu alanda bir mezarla ilgili \u00e7al\u0131\u015fma yap\u0131lm\u0131\u015f ve o mezarda \u00e7\u0131kan \u015fahs\u0131n Kud\u00fcsl\u00fc bir M\u00fcsl\u00fcman oldu\u011fu iddia edilmi\u015ftir. Cumhurba\u015fkan\u0131m\u0131z\u0131n neden &#8216;Kud\u00fcs davas\u0131 bizim davam\u0131zd\u0131r&#8217; dedi\u011finin kan\u0131t\u0131d\u0131r. Kud\u00fcsl\u00fc M\u00fcsl\u00fcman \u00f6nce \u00c7anakkale&#8217;de ard\u0131ndan da Bitlis&#8217;te vatan\u0131n\u0131 savunmu\u015ftur&#8221; diye konu\u015ftu<\/p>\n<p>&nbsp;<\/p>\n<p>&nbsp;<\/p>\n<p>&nbsp;<\/p>\n<p>KAYNAK:SONDAK\u0130KA<\/p>\n<p>&nbsp;<\/p>\n","protected":false},"excerpt":{"rendered":"<p>AK Parti\u00a0Bitlis\u00a0\u0130l Ba\u015fkan\u0131 Kadir K\u00f6stek\u00e7i, 1916 y\u0131l\u0131nda Bitlis-\u00a0Mutki\u00a0kara yolu \u00fczerinde bulunan Kar\u00e7\u0131nba\u015f\u0131 mevkiinde \u015fehit edilen 387 askerin mezar\u0131 i\u00e7in \u00e7al\u0131\u015fma ba\u015flat\u0131ld\u0131\u011f\u0131n\u0131 belirterek,\u00a0\u00c7anakkale&#8217;de bulunan an\u0131t\u0131n burada da yap\u0131lmas\u0131n\u0131 talep etti. Ba\u015fkan K\u00f6stek\u00e7i, 1916 y\u0131l\u0131nda \u00c7anakkale Cephesi&#8217;nin kapanmas\u0131n\u0131n ard\u0131ndan Bitlis&#8217;i Rus ve Ermeni \u00e7etelerine kar\u015f\u0131 savunmak i\u00e7in gelen bir tabur askerin Kar\u00e7\u0131nba\u015f\u0131 mevkiinde \u015fehit edildi\u011fini ifade etti. [&hellip;]<\/p>\n","protected":false},"author":1,"featured_media":3003,"comment_status":"open","ping_status":"closed","sticky":false,"template":"","format":"standard","meta":{"footnotes":""},"categories":[8,2300],"tags":[2321,68,2462,1257,2463,1662,2448,2439],"class_list":["post-3002","post","type-post","status-publish","format-standard","has-post-thumbnail","hentry","category-gundem","category-haber","tag-bitlis","tag-ak-parti","tag-canakkale","tag-kultur","tag-mutki","tag-politika","tag-yerel","tag-yerel-haberler"],"_links":{"self":[{"href":"https:\/\/doguhabertv.com\/index.php?rest_route=\/wp\/v2\/posts\/3002","targetHints":{"allow":["GET"]}}],"collection":[{"href":"https:\/\/doguhabertv.com\/index.php?rest_route=\/wp\/v2\/posts"}],"about":[{"href":"https:\/\/doguhabertv.com\/index.php?rest_route=\/wp\/v2\/types\/post"}],"author":[{"embeddable":true,"href":"https:\/\/doguhabertv.com\/index.php?rest_route=\/wp\/v2\/users\/1"}],"replies":[{"embeddable":true,"href":"https:\/\/doguhabertv.com\/index.php?rest_route=%2Fwp%2Fv2%2Fcomments&post=3002"}],"version-history":[{"count":1,"href":"https:\/\/doguhabertv.com\/index.php?rest_route=\/wp\/v2\/posts\/3002\/revisions"}],"predecessor-version":[{"id":3004,"href":"https:\/\/doguhabertv.com\/index.php?rest_route=\/wp\/v2\/posts\/3002\/revisions\/3004"}],"wp:featuredmedia":[{"embeddable":true,"href":"https:\/\/doguhabertv.com\/index.php?rest_route=\/wp\/v2\/media\/3003"}],"wp:attachment":[{"href":"https:\/\/doguhabertv.com\/index.php?rest_route=%2Fwp%2Fv2%2Fmedia&parent=3002"}],"wp:term":[{"taxonomy":"category","embeddable":true,"href":"https:\/\/doguhabertv.com\/index.php?rest_route=%2Fwp%2Fv2%2Fcategories&post=3002"},{"taxonomy":"post_tag","embeddable":true,"href":"https:\/\/doguhabertv.com\/index.php?rest_route=%2Fwp%2Fv2%2Ftags&post=3002"}],"curies":[{"name":"wp","href":"https:\/\/api.w.org\/{rel}","templated":true}]}}