{"id":2999,"date":"2025-03-13T09:48:21","date_gmt":"2025-03-13T09:48:21","guid":{"rendered":"https:\/\/doguhabertv.com\/?p=2999"},"modified":"2025-03-13T09:48:21","modified_gmt":"2025-03-13T09:48:21","slug":"guvercin-yuksek-gerilim-hattinda-kurtarildi","status":"publish","type":"post","link":"https:\/\/doguhabertv.com\/?p=2999","title":{"rendered":"G\u00fcvercin Y\u00fcksek Gerilim Hatt\u0131nda Kurtar\u0131ld\u0131"},"content":{"rendered":"<p>Ardahan&#8217;\u0131n\u00a0Hanak\u00a0il\u00e7esinde y\u00fcksek gerilim elektrik hatt\u0131na tak\u0131lan g\u00fcvercin, Aras EDA\u015e ekipleri taraf\u0131ndan kurtar\u0131ld\u0131, ya\u015fam alan\u0131na b\u0131rak\u0131ld\u0131.<\/p>\n<p>Hanak il\u00e7esine ba\u011fl\u0131 Selamverdi Mahallesi&#8217;nde bilin\u00e7sizce aya\u011f\u0131na ip ba\u011flan\u0131p b\u0131rak\u0131lan G\u00fcvercin y\u00fcksek gerilim elektrik hatt\u0131na tak\u0131ld\u0131. Elektrik tellerinde as\u0131l\u0131 kalan g\u00fcvercini g\u00f6ren vatanda\u015flar ihbarda bulundu.<\/p>\n<p>Olay yerine ula\u015fmaya \u00e7al\u0131\u015fan Aras EDA\u015e ar\u0131za, bak\u0131m ekibi bir kurtarma operasyonu ba\u015flatt\u0131. Y\u00fcksek gerilim hatt\u0131ndaki elektrikler kesilerek gerekli kontroller sa\u011fland\u0131ktan sonra sepetli ara\u00e7 getirilerek g\u00fcvercin kurtar\u0131ld\u0131.<\/p>\n<p>G\u00fcvercinin aya\u011f\u0131na dolanan ip kesildi ve b\u00f6ylece \u00f6zg\u00fcrl\u00fc\u011f\u00fcne kavu\u015ftu.<\/p>\n<p>&nbsp;<\/p>\n<p><strong>KAYNAK:SONDAK\u0130KA<\/strong><\/p>\n","protected":false},"excerpt":{"rendered":"<p>Ardahan&#8217;\u0131n\u00a0Hanak\u00a0il\u00e7esinde y\u00fcksek gerilim elektrik hatt\u0131na tak\u0131lan g\u00fcvercin, Aras EDA\u015e ekipleri taraf\u0131ndan kurtar\u0131ld\u0131, ya\u015fam alan\u0131na b\u0131rak\u0131ld\u0131. Hanak il\u00e7esine ba\u011fl\u0131 Selamverdi Mahallesi&#8217;nde bilin\u00e7sizce aya\u011f\u0131na ip ba\u011flan\u0131p b\u0131rak\u0131lan G\u00fcvercin y\u00fcksek gerilim elektrik hatt\u0131na tak\u0131ld\u0131. Elektrik tellerinde as\u0131l\u0131 kalan g\u00fcvercini g\u00f6ren vatanda\u015flar ihbarda bulundu. Olay yerine ula\u015fmaya \u00e7al\u0131\u015fan Aras EDA\u015e ar\u0131za, bak\u0131m ekibi bir kurtarma operasyonu ba\u015flatt\u0131. Y\u00fcksek gerilim [&hellip;]<\/p>\n","protected":false},"author":1,"featured_media":3000,"comment_status":"open","ping_status":"closed","sticky":false,"template":"","format":"standard","meta":{"footnotes":""},"categories":[8,2300],"tags":[2360,389,529,615,2461,2460,2210,2439],"class_list":["post-2999","post","type-post","status-publish","format-standard","has-post-thumbnail","hentry","category-gundem","category-haber","tag-ardahan","tag-cevre","tag-doga","tag-enerji","tag-hanak","tag-hayvan-haklari","tag-yasam","tag-yerel-haberler"],"_links":{"self":[{"href":"https:\/\/doguhabertv.com\/index.php?rest_route=\/wp\/v2\/posts\/2999","targetHints":{"allow":["GET"]}}],"collection":[{"href":"https:\/\/doguhabertv.com\/index.php?rest_route=\/wp\/v2\/posts"}],"about":[{"href":"https:\/\/doguhabertv.com\/index.php?rest_route=\/wp\/v2\/types\/post"}],"author":[{"embeddable":true,"href":"https:\/\/doguhabertv.com\/index.php?rest_route=\/wp\/v2\/users\/1"}],"replies":[{"embeddable":true,"href":"https:\/\/doguhabertv.com\/index.php?rest_route=%2Fwp%2Fv2%2Fcomments&post=2999"}],"version-history":[{"count":1,"href":"https:\/\/doguhabertv.com\/index.php?rest_route=\/wp\/v2\/posts\/2999\/revisions"}],"predecessor-version":[{"id":3001,"href":"https:\/\/doguhabertv.com\/index.php?rest_route=\/wp\/v2\/posts\/2999\/revisions\/3001"}],"wp:featuredmedia":[{"embeddable":true,"href":"https:\/\/doguhabertv.com\/index.php?rest_route=\/wp\/v2\/media\/3000"}],"wp:attachment":[{"href":"https:\/\/doguhabertv.com\/index.php?rest_route=%2Fwp%2Fv2%2Fmedia&parent=2999"}],"wp:term":[{"taxonomy":"category","embeddable":true,"href":"https:\/\/doguhabertv.com\/index.php?rest_route=%2Fwp%2Fv2%2Fcategories&post=2999"},{"taxonomy":"post_tag","embeddable":true,"href":"https:\/\/doguhabertv.com\/index.php?rest_route=%2Fwp%2Fv2%2Ftags&post=2999"}],"curies":[{"name":"wp","href":"https:\/\/api.w.org\/{rel}","templated":true}]}}