{"id":2996,"date":"2025-03-12T09:59:42","date_gmt":"2025-03-12T09:59:42","guid":{"rendered":"https:\/\/doguhabertv.com\/?p=2996"},"modified":"2025-03-12T09:59:42","modified_gmt":"2025-03-12T09:59:42","slug":"erbil-depremi-yuksekovada-hasar-verdi","status":"publish","type":"post","link":"https:\/\/doguhabertv.com\/?p=2996","title":{"rendered":"Erbil Depremi Y\u00fcksekova&#8217;da Hasar Verdi"},"content":{"rendered":"<p>Irak&#8217;\u0131n\u00a0Erbil\u00a0kentinde ya\u015fanan 4.8 b\u00fcy\u00fckl\u00fc\u011f\u00fcndeki deprem,\u00a0Hakkari&#8217;nin\u00a0Y\u00fcksekova\u00a0il\u00e7esinin Ye\u015filta\u015f k\u00f6y\u00fcnde hasara neden oldu.<\/p>\n<p>D\u00fcn ak\u015fam saatlerinde meydana gelen ve Y\u00fcksekova il\u00e7esinde de b\u00fcy\u00fck korkuya neden olan deprem, 80 haneli Ye\u015filta\u015f k\u00f6y\u00fcnde hasara neden oldu. Bir\u00e7ok evin duvarlar\u0131nda \u00e7atlaklar olu\u015furken, k\u00f6y halk\u0131 da geceyi d\u0131\u015far\u0131da ge\u00e7irdi. Depremin etkisi alt\u0131nda kalan Zeynep Barfa, &#8220;D\u00fcn ak\u015fam saat 21.00 gibi korkun\u00e7 bir sesle salland\u0131k. Bir\u00e7ok evin duvar\u0131nda hasar ve \u00e7atlaklar olu\u015ftu. O an ger\u00e7ekten k\u00f6t\u00fcyd\u00fc. Evlerimize girmekten bile korkuyoruz. Allah herkesin yard\u0131mc\u0131s\u0131 olsun&#8221; dedi.<\/p>\n<p>Ya\u015fad\u0131\u011f\u0131 korkulu geceyi anlatan Resul\u00a0Kartal\u00a0ise &#8220;D\u00fcn gece b\u00fcy\u00fck bir deprem ya\u015fand\u0131 ve k\u00f6y\u00fcm\u00fczde \u00e7ok fazla hissedildi. \u00c7ok korkutucuydu, yer alt\u0131ndan sesler geldi. Evimize dahi giremedik, geceyi \u00e7ad\u0131rda ge\u00e7irdik. Yetkililerden acil yard\u0131m bekliyoruz&#8221; \u015feklinde konu\u015ftu.<\/p>\n<p>&nbsp;<\/p>\n<p><strong>KAYNAK:SONDAK\u0130KA<\/strong><\/p>\n","protected":false},"excerpt":{"rendered":"<p>Irak&#8217;\u0131n\u00a0Erbil\u00a0kentinde ya\u015fanan 4.8 b\u00fcy\u00fckl\u00fc\u011f\u00fcndeki deprem,\u00a0Hakkari&#8217;nin\u00a0Y\u00fcksekova\u00a0il\u00e7esinin Ye\u015filta\u015f k\u00f6y\u00fcnde hasara neden oldu. D\u00fcn ak\u015fam saatlerinde meydana gelen ve Y\u00fcksekova il\u00e7esinde de b\u00fcy\u00fck korkuya neden olan deprem, 80 haneli Ye\u015filta\u015f k\u00f6y\u00fcnde hasara neden oldu. Bir\u00e7ok evin duvarlar\u0131nda \u00e7atlaklar olu\u015furken, k\u00f6y halk\u0131 da geceyi d\u0131\u015far\u0131da ge\u00e7irdi. Depremin etkisi alt\u0131nda kalan Zeynep Barfa, &#8220;D\u00fcn ak\u015fam saat 21.00 gibi korkun\u00e7 bir [&hellip;]<\/p>\n","protected":false},"author":1,"featured_media":2997,"comment_status":"open","ping_status":"closed","sticky":false,"template":"","format":"standard","meta":{"footnotes":""},"categories":[8,2300],"tags":[2312,2337,487,627,2459,1737,2439],"class_list":["post-2996","post","type-post","status-publish","format-standard","has-post-thumbnail","hentry","category-gundem","category-haber","tag-hakkari","tag-yuksekova","tag-deprem","tag-erbil","tag-irak","tag-saglik","tag-yerel-haberler"],"_links":{"self":[{"href":"https:\/\/doguhabertv.com\/index.php?rest_route=\/wp\/v2\/posts\/2996","targetHints":{"allow":["GET"]}}],"collection":[{"href":"https:\/\/doguhabertv.com\/index.php?rest_route=\/wp\/v2\/posts"}],"about":[{"href":"https:\/\/doguhabertv.com\/index.php?rest_route=\/wp\/v2\/types\/post"}],"author":[{"embeddable":true,"href":"https:\/\/doguhabertv.com\/index.php?rest_route=\/wp\/v2\/users\/1"}],"replies":[{"embeddable":true,"href":"https:\/\/doguhabertv.com\/index.php?rest_route=%2Fwp%2Fv2%2Fcomments&post=2996"}],"version-history":[{"count":1,"href":"https:\/\/doguhabertv.com\/index.php?rest_route=\/wp\/v2\/posts\/2996\/revisions"}],"predecessor-version":[{"id":2998,"href":"https:\/\/doguhabertv.com\/index.php?rest_route=\/wp\/v2\/posts\/2996\/revisions\/2998"}],"wp:featuredmedia":[{"embeddable":true,"href":"https:\/\/doguhabertv.com\/index.php?rest_route=\/wp\/v2\/media\/2997"}],"wp:attachment":[{"href":"https:\/\/doguhabertv.com\/index.php?rest_route=%2Fwp%2Fv2%2Fmedia&parent=2996"}],"wp:term":[{"taxonomy":"category","embeddable":true,"href":"https:\/\/doguhabertv.com\/index.php?rest_route=%2Fwp%2Fv2%2Fcategories&post=2996"},{"taxonomy":"post_tag","embeddable":true,"href":"https:\/\/doguhabertv.com\/index.php?rest_route=%2Fwp%2Fv2%2Ftags&post=2996"}],"curies":[{"name":"wp","href":"https:\/\/api.w.org\/{rel}","templated":true}]}}