{"id":2979,"date":"2025-03-10T09:23:47","date_gmt":"2025-03-10T09:23:47","guid":{"rendered":"https:\/\/doguhabertv.com\/?p=2979"},"modified":"2025-03-10T09:23:47","modified_gmt":"2025-03-10T09:23:47","slug":"muradiyede-duzensiz-gocmenler-yakalandi","status":"publish","type":"post","link":"https:\/\/doguhabertv.com\/?p=2979","title":{"rendered":"Muradiye&#8217;de D\u00fczensiz G\u00f6\u00e7menler Yakaland\u0131"},"content":{"rendered":"<p>Van&#8217;\u0131n\u00a0Muradiye\u00a0il\u00e7esinde jandarma ekipleri taraf\u0131ndan bir otomobilde yap\u0131lan aramada 4 d\u00fczensiz g\u00f6\u00e7men ile 2 \u015f\u00fcpheli yakaland\u0131.<\/p>\n<p>Muradiye \u0130l\u00e7e\u00a0Jandarma\u00a0Komutanl\u0131\u011f\u0131 ekipleri taraf\u0131ndan yap\u0131lan \u00e7al\u0131\u015fmalarda \u015f\u00fcphe \u00fczerine durdurulan bir otomobilde 4 d\u00fczensiz g\u00f6\u00e7men ve 2 \u015f\u00fcpheli \u015fah\u0131s yakaland\u0131. Olayla ilgili g\u00f6zalt\u0131na al\u0131nan \u015f\u00fcpheliler A.G. ve M.S., sevk edildikleri adli makamlarca tutukland\u0131.<\/p>\n<p>&nbsp;<\/p>\n<p><strong>KAYNAK:SONDAK\u0130KA<\/strong><\/p>\n","protected":false},"excerpt":{"rendered":"<p>Van&#8217;\u0131n\u00a0Muradiye\u00a0il\u00e7esinde jandarma ekipleri taraf\u0131ndan bir otomobilde yap\u0131lan aramada 4 d\u00fczensiz g\u00f6\u00e7men ile 2 \u015f\u00fcpheli yakaland\u0131. Muradiye \u0130l\u00e7e\u00a0Jandarma\u00a0Komutanl\u0131\u011f\u0131 ekipleri taraf\u0131ndan yap\u0131lan \u00e7al\u0131\u015fmalarda \u015f\u00fcphe \u00fczerine durdurulan bir otomobilde 4 d\u00fczensiz g\u00f6\u00e7men ve 2 \u015f\u00fcpheli \u015fah\u0131s yakaland\u0131. Olayla ilgili g\u00f6zalt\u0131na al\u0131nan \u015f\u00fcpheliler A.G. ve M.S., sevk edildikleri adli makamlarca tutukland\u0131. &nbsp; KAYNAK:SONDAK\u0130KA<\/p>\n","protected":false},"author":1,"featured_media":2980,"comment_status":"open","ping_status":"closed","sticky":false,"template":"","format":"standard","meta":{"footnotes":""},"categories":[8,2300],"tags":[2322,2350,2347,829,916,2452,1662,2439],"class_list":["post-2979","post","type-post","status-publish","format-standard","has-post-thumbnail","hentry","category-gundem","category-haber","tag-gocmen","tag-jandarma","tag-van","tag-guvenlik","tag-hukuk","tag-muradiye","tag-politika","tag-yerel-haberler"],"_links":{"self":[{"href":"https:\/\/doguhabertv.com\/index.php?rest_route=\/wp\/v2\/posts\/2979","targetHints":{"allow":["GET"]}}],"collection":[{"href":"https:\/\/doguhabertv.com\/index.php?rest_route=\/wp\/v2\/posts"}],"about":[{"href":"https:\/\/doguhabertv.com\/index.php?rest_route=\/wp\/v2\/types\/post"}],"author":[{"embeddable":true,"href":"https:\/\/doguhabertv.com\/index.php?rest_route=\/wp\/v2\/users\/1"}],"replies":[{"embeddable":true,"href":"https:\/\/doguhabertv.com\/index.php?rest_route=%2Fwp%2Fv2%2Fcomments&post=2979"}],"version-history":[{"count":1,"href":"https:\/\/doguhabertv.com\/index.php?rest_route=\/wp\/v2\/posts\/2979\/revisions"}],"predecessor-version":[{"id":2981,"href":"https:\/\/doguhabertv.com\/index.php?rest_route=\/wp\/v2\/posts\/2979\/revisions\/2981"}],"wp:featuredmedia":[{"embeddable":true,"href":"https:\/\/doguhabertv.com\/index.php?rest_route=\/wp\/v2\/media\/2980"}],"wp:attachment":[{"href":"https:\/\/doguhabertv.com\/index.php?rest_route=%2Fwp%2Fv2%2Fmedia&parent=2979"}],"wp:term":[{"taxonomy":"category","embeddable":true,"href":"https:\/\/doguhabertv.com\/index.php?rest_route=%2Fwp%2Fv2%2Fcategories&post=2979"},{"taxonomy":"post_tag","embeddable":true,"href":"https:\/\/doguhabertv.com\/index.php?rest_route=%2Fwp%2Fv2%2Ftags&post=2979"}],"curies":[{"name":"wp","href":"https:\/\/api.w.org\/{rel}","templated":true}]}}