{"id":2976,"date":"2025-03-10T09:22:42","date_gmt":"2025-03-10T09:22:42","guid":{"rendered":"https:\/\/doguhabertv.com\/?p=2976"},"modified":"2025-03-10T09:22:42","modified_gmt":"2025-03-10T09:22:42","slug":"vanda-49-kilo-metamfetamin-ele-gecirildi","status":"publish","type":"post","link":"https:\/\/doguhabertv.com\/?p=2976","title":{"rendered":"Van&#8217;da 49 Kilo Metamfetamin Ele Ge\u00e7irildi"},"content":{"rendered":"<p>Van&#8217;da son 1 haftada yap\u0131lan \u00e7al\u0131\u015fmalarda 49 kilo 399 gram metamfetamin ele ge\u00e7irirken 3 ki\u015fi hakk\u0131nda i\u015flem yap\u0131ld\u0131.<\/p>\n<p>Van Emniyet M\u00fcd\u00fcrl\u00fc\u011f\u00fc\u00a0Narkotik Su\u00e7larla M\u00fccadele \u015eube M\u00fcd\u00fcrl\u00fc\u011f\u00fc\u00a0ekipleri, uyu\u015fturucu tacirlerine y\u00f6nelik \u00e7al\u0131\u015fmalar\u0131n\u0131 aral\u0131ks\u0131z s\u00fcrd\u00fcr\u00fcyor. Bu \u00e7er\u00e7evede 2-9 Mart tarihlerinde yap\u0131lan operasyonlarda; 49 kilo 399 gram metamfetamin ele ge\u00e7irildi. Uyu\u015fturucuyla ilgili 3 \u015f\u00fcpheli \u015fah\u0131s hakk\u0131nda &#8220;Uyu\u015fturucu veya Uyar\u0131c\u0131 Madde Ticareti Yapmak\/Uyu\u015fturucu Madde Nakletmek&#8221; su\u00e7undan yasal i\u015flem yap\u0131ld\u0131.<\/p>\n<p>&nbsp;<\/p>\n<p><strong>KAYNAK:SONDAK\u0130KA<\/strong><\/p>\n","protected":false},"excerpt":{"rendered":"<p>Van&#8217;da son 1 haftada yap\u0131lan \u00e7al\u0131\u015fmalarda 49 kilo 399 gram metamfetamin ele ge\u00e7irirken 3 ki\u015fi hakk\u0131nda i\u015flem yap\u0131ld\u0131. Van Emniyet M\u00fcd\u00fcrl\u00fc\u011f\u00fc\u00a0Narkotik Su\u00e7larla M\u00fccadele \u015eube M\u00fcd\u00fcrl\u00fc\u011f\u00fc\u00a0ekipleri, uyu\u015fturucu tacirlerine y\u00f6nelik \u00e7al\u0131\u015fmalar\u0131n\u0131 aral\u0131ks\u0131z s\u00fcrd\u00fcr\u00fcyor. Bu \u00e7er\u00e7evede 2-9 Mart tarihlerinde yap\u0131lan operasyonlarda; 49 kilo 399 gram metamfetamin ele ge\u00e7irildi. Uyu\u015fturucuyla ilgili 3 \u015f\u00fcpheli \u015fah\u0131s hakk\u0131nda &#8220;Uyu\u015fturucu veya Uyar\u0131c\u0131 Madde [&hellip;]<\/p>\n","protected":false},"author":1,"featured_media":2977,"comment_status":"open","ping_status":"closed","sticky":false,"template":"","format":"standard","meta":{"footnotes":""},"categories":[8,2300],"tags":[2347,829,916,1662,1944,2451,2439],"class_list":["post-2976","post","type-post","status-publish","format-standard","has-post-thumbnail","hentry","category-gundem","category-haber","tag-van","tag-guvenlik","tag-hukuk","tag-politika","tag-suc","tag-van-emniyet-mudurlugu","tag-yerel-haberler"],"_links":{"self":[{"href":"https:\/\/doguhabertv.com\/index.php?rest_route=\/wp\/v2\/posts\/2976","targetHints":{"allow":["GET"]}}],"collection":[{"href":"https:\/\/doguhabertv.com\/index.php?rest_route=\/wp\/v2\/posts"}],"about":[{"href":"https:\/\/doguhabertv.com\/index.php?rest_route=\/wp\/v2\/types\/post"}],"author":[{"embeddable":true,"href":"https:\/\/doguhabertv.com\/index.php?rest_route=\/wp\/v2\/users\/1"}],"replies":[{"embeddable":true,"href":"https:\/\/doguhabertv.com\/index.php?rest_route=%2Fwp%2Fv2%2Fcomments&post=2976"}],"version-history":[{"count":1,"href":"https:\/\/doguhabertv.com\/index.php?rest_route=\/wp\/v2\/posts\/2976\/revisions"}],"predecessor-version":[{"id":2978,"href":"https:\/\/doguhabertv.com\/index.php?rest_route=\/wp\/v2\/posts\/2976\/revisions\/2978"}],"wp:featuredmedia":[{"embeddable":true,"href":"https:\/\/doguhabertv.com\/index.php?rest_route=\/wp\/v2\/media\/2977"}],"wp:attachment":[{"href":"https:\/\/doguhabertv.com\/index.php?rest_route=%2Fwp%2Fv2%2Fmedia&parent=2976"}],"wp:term":[{"taxonomy":"category","embeddable":true,"href":"https:\/\/doguhabertv.com\/index.php?rest_route=%2Fwp%2Fv2%2Fcategories&post=2976"},{"taxonomy":"post_tag","embeddable":true,"href":"https:\/\/doguhabertv.com\/index.php?rest_route=%2Fwp%2Fv2%2Ftags&post=2976"}],"curies":[{"name":"wp","href":"https:\/\/api.w.org\/{rel}","templated":true}]}}