{"id":2972,"date":"2025-03-10T09:21:40","date_gmt":"2025-03-10T09:21:40","guid":{"rendered":"https:\/\/doguhabertv.com\/?p=2972"},"modified":"2025-03-10T09:21:40","modified_gmt":"2025-03-10T09:21:40","slug":"vanda-gocmen-kacakciligi-operasyonu","status":"publish","type":"post","link":"https:\/\/doguhabertv.com\/?p=2972","title":{"rendered":"Van&#8217;da G\u00f6\u00e7men Ka\u00e7ak\u00e7\u0131l\u0131\u011f\u0131 Operasyonu"},"content":{"rendered":"<p>Van&#8217;da g\u00f6\u00e7men ka\u00e7ak\u00e7\u0131l\u0131\u011f\u0131na y\u00f6nelik yap\u0131lan \u00e7al\u0131\u015fmada g\u00f6zalt\u0131na al\u0131nan 14 organizat\u00f6rden 3&#8217;\u00fc tutukland\u0131.<\/p>\n<p>Van Emniyet M\u00fcd\u00fcrl\u00fc\u011f\u00fcnce yap\u0131lan a\u00e7\u0131klamada, il genelinde &#8220;G\u00f6\u00e7men Ka\u00e7ak\u00e7\u0131l\u0131\u011f\u0131\u00a0ve \u0130nsan Ticareti&#8221; yapan \u015fah\u0131s\/\u015fah\u0131slar\u0131n de\u015fifresine ve d\u00fczensiz g\u00f6\u00e7menlerin yakalanmas\u0131na y\u00f6nelik \u00e7al\u0131\u015fmalar\u0131n devam etti\u011fi belirtildi. A\u00e7\u0131klamada, &#8220;M\u00fcd\u00fcrl\u00fc\u011f\u00fcm\u00fcz G\u00f6\u00e7men Ka\u00e7ak\u00e7\u0131l\u0131\u011f\u0131 ile M\u00fccadele ve Hudut Kap\u0131lar\u0131 \u015eube M\u00fcd\u00fcrl\u00fc\u011f\u00fc g\u00f6revlilerimizce 2-9 Mart 2025 tarihleri aras\u0131nda yap\u0131lan operasyonlarda; 14 organizat\u00f6r hakk\u0131nda adli i\u015flem yap\u0131lm\u0131\u015f 3 organizat\u00f6r tutuklanm\u0131\u015ft\u0131r&#8221; denildi.<\/p>\n<p>&nbsp;<\/p>\n<p>&nbsp;<\/p>\n","protected":false},"excerpt":{"rendered":"<p>Van&#8217;da g\u00f6\u00e7men ka\u00e7ak\u00e7\u0131l\u0131\u011f\u0131na y\u00f6nelik yap\u0131lan \u00e7al\u0131\u015fmada g\u00f6zalt\u0131na al\u0131nan 14 organizat\u00f6rden 3&#8217;\u00fc tutukland\u0131. Van Emniyet M\u00fcd\u00fcrl\u00fc\u011f\u00fcnce yap\u0131lan a\u00e7\u0131klamada, il genelinde &#8220;G\u00f6\u00e7men Ka\u00e7ak\u00e7\u0131l\u0131\u011f\u0131\u00a0ve \u0130nsan Ticareti&#8221; yapan \u015fah\u0131s\/\u015fah\u0131slar\u0131n de\u015fifresine ve d\u00fczensiz g\u00f6\u00e7menlerin yakalanmas\u0131na y\u00f6nelik \u00e7al\u0131\u015fmalar\u0131n devam etti\u011fi belirtildi. A\u00e7\u0131klamada, &#8220;M\u00fcd\u00fcrl\u00fc\u011f\u00fcm\u00fcz G\u00f6\u00e7men Ka\u00e7ak\u00e7\u0131l\u0131\u011f\u0131 ile M\u00fccadele ve Hudut Kap\u0131lar\u0131 \u015eube M\u00fcd\u00fcrl\u00fc\u011f\u00fc g\u00f6revlilerimizce 2-9 Mart 2025 tarihleri aras\u0131nda yap\u0131lan operasyonlarda; 14 [&hellip;]<\/p>\n","protected":false},"author":1,"featured_media":2974,"comment_status":"open","ping_status":"closed","sticky":false,"template":"","format":"standard","meta":{"footnotes":""},"categories":[8,2300],"tags":[2322,2347,2450,829,916,1662,1944,2439],"class_list":["post-2972","post","type-post","status-publish","format-standard","has-post-thumbnail","hentry","category-gundem","category-haber","tag-gocmen","tag-van","tag-gocmen-kacakciligi","tag-guvenlik","tag-hukuk","tag-politika","tag-suc","tag-yerel-haberler"],"_links":{"self":[{"href":"https:\/\/doguhabertv.com\/index.php?rest_route=\/wp\/v2\/posts\/2972","targetHints":{"allow":["GET"]}}],"collection":[{"href":"https:\/\/doguhabertv.com\/index.php?rest_route=\/wp\/v2\/posts"}],"about":[{"href":"https:\/\/doguhabertv.com\/index.php?rest_route=\/wp\/v2\/types\/post"}],"author":[{"embeddable":true,"href":"https:\/\/doguhabertv.com\/index.php?rest_route=\/wp\/v2\/users\/1"}],"replies":[{"embeddable":true,"href":"https:\/\/doguhabertv.com\/index.php?rest_route=%2Fwp%2Fv2%2Fcomments&post=2972"}],"version-history":[{"count":1,"href":"https:\/\/doguhabertv.com\/index.php?rest_route=\/wp\/v2\/posts\/2972\/revisions"}],"predecessor-version":[{"id":2975,"href":"https:\/\/doguhabertv.com\/index.php?rest_route=\/wp\/v2\/posts\/2972\/revisions\/2975"}],"wp:featuredmedia":[{"embeddable":true,"href":"https:\/\/doguhabertv.com\/index.php?rest_route=\/wp\/v2\/media\/2974"}],"wp:attachment":[{"href":"https:\/\/doguhabertv.com\/index.php?rest_route=%2Fwp%2Fv2%2Fmedia&parent=2972"}],"wp:term":[{"taxonomy":"category","embeddable":true,"href":"https:\/\/doguhabertv.com\/index.php?rest_route=%2Fwp%2Fv2%2Fcategories&post=2972"},{"taxonomy":"post_tag","embeddable":true,"href":"https:\/\/doguhabertv.com\/index.php?rest_route=%2Fwp%2Fv2%2Ftags&post=2972"}],"curies":[{"name":"wp","href":"https:\/\/api.w.org\/{rel}","templated":true}]}}