{"id":2950,"date":"2025-02-06T15:07:09","date_gmt":"2025-02-06T15:07:09","guid":{"rendered":"https:\/\/doguhabertv.com\/?p=2950"},"modified":"2025-02-06T15:07:09","modified_gmt":"2025-02-06T15:07:09","slug":"ardahanda-ogrenci-servisi-mahsur-kaldi","status":"publish","type":"post","link":"https:\/\/doguhabertv.com\/?p=2950","title":{"rendered":"Ardahan&#8217;da \u00d6\u011frenci Servisi Mahsur Kald\u0131"},"content":{"rendered":"<p>Ardahan&#8217;da etkili olan kar ya\u011f\u0131\u015f\u0131 ve tipi bir \u00f6\u011frenci servisinin yol d\u0131\u015f\u0131nda mahsur kalmas\u0131na neden oldu.<\/p>\n<p>Ardahan\u00a0G\u00f6le\u00a0il\u00e7esine ba\u011fl\u0131 S\u00fcr\u00fcg\u00fcden K\u00f6y\u00fc Yolunda mahsur kalan \u00f6\u011frenci servisi, Ardahan \u0130l Genel Meclis \u00fcyelerinin yard\u0131m\u0131yla kurtar\u0131ld\u0131. Yoldan \u00e7\u0131kan \u00f6\u011frenci servisi, oradan ge\u00e7en Ak Parti ve CHP&#8217;li \u0130l Genel Meclis \u00fcyeleri taraf\u0131ndan fark edildi. Minib\u00fcs\u00fc tak\u0131ld\u0131\u011f\u0131 yerden iteleyerek \u00e7\u0131karan meclis \u00fcyeleri daha sonra ara\u00e7lar\u0131na binerek yollar\u0131na devam ettiler. Serviste bulunan \u00f6\u011frenciler de derin bir nefes ald\u0131.<\/p>\n<p><strong>KAYNAK:SONDAK\u0130KA<\/strong><\/p>\n","protected":false},"excerpt":{"rendered":"<p>Ardahan&#8217;da etkili olan kar ya\u011f\u0131\u015f\u0131 ve tipi bir \u00f6\u011frenci servisinin yol d\u0131\u015f\u0131nda mahsur kalmas\u0131na neden oldu. Ardahan\u00a0G\u00f6le\u00a0il\u00e7esine ba\u011fl\u0131 S\u00fcr\u00fcg\u00fcden K\u00f6y\u00fc Yolunda mahsur kalan \u00f6\u011frenci servisi, Ardahan \u0130l Genel Meclis \u00fcyelerinin yard\u0131m\u0131yla kurtar\u0131ld\u0131. Yoldan \u00e7\u0131kan \u00f6\u011frenci servisi, oradan ge\u00e7en Ak Parti ve CHP&#8217;li \u0130l Genel Meclis \u00fcyeleri taraf\u0131ndan fark edildi. Minib\u00fcs\u00fc tak\u0131ld\u0131\u011f\u0131 yerden iteleyerek \u00e7\u0131karan meclis [&hellip;]<\/p>\n","protected":false},"author":1,"featured_media":2951,"comment_status":"open","ping_status":"closed","sticky":false,"template":"","format":"standard","meta":{"footnotes":""},"categories":[8,2300],"tags":[2360,2443,1662,2210,2448,2439],"class_list":["post-2950","post","type-post","status-publish","format-standard","has-post-thumbnail","hentry","category-gundem","category-haber","tag-ardahan","tag-hava-durumu","tag-politika","tag-yasam","tag-yerel","tag-yerel-haberler"],"_links":{"self":[{"href":"https:\/\/doguhabertv.com\/index.php?rest_route=\/wp\/v2\/posts\/2950","targetHints":{"allow":["GET"]}}],"collection":[{"href":"https:\/\/doguhabertv.com\/index.php?rest_route=\/wp\/v2\/posts"}],"about":[{"href":"https:\/\/doguhabertv.com\/index.php?rest_route=\/wp\/v2\/types\/post"}],"author":[{"embeddable":true,"href":"https:\/\/doguhabertv.com\/index.php?rest_route=\/wp\/v2\/users\/1"}],"replies":[{"embeddable":true,"href":"https:\/\/doguhabertv.com\/index.php?rest_route=%2Fwp%2Fv2%2Fcomments&post=2950"}],"version-history":[{"count":1,"href":"https:\/\/doguhabertv.com\/index.php?rest_route=\/wp\/v2\/posts\/2950\/revisions"}],"predecessor-version":[{"id":2952,"href":"https:\/\/doguhabertv.com\/index.php?rest_route=\/wp\/v2\/posts\/2950\/revisions\/2952"}],"wp:featuredmedia":[{"embeddable":true,"href":"https:\/\/doguhabertv.com\/index.php?rest_route=\/wp\/v2\/media\/2951"}],"wp:attachment":[{"href":"https:\/\/doguhabertv.com\/index.php?rest_route=%2Fwp%2Fv2%2Fmedia&parent=2950"}],"wp:term":[{"taxonomy":"category","embeddable":true,"href":"https:\/\/doguhabertv.com\/index.php?rest_route=%2Fwp%2Fv2%2Fcategories&post=2950"},{"taxonomy":"post_tag","embeddable":true,"href":"https:\/\/doguhabertv.com\/index.php?rest_route=%2Fwp%2Fv2%2Ftags&post=2950"}],"curies":[{"name":"wp","href":"https:\/\/api.w.org\/{rel}","templated":true}]}}