{"id":2947,"date":"2025-02-06T15:05:48","date_gmt":"2025-02-06T15:05:48","guid":{"rendered":"https:\/\/doguhabertv.com\/?p=2947"},"modified":"2025-02-06T15:05:48","modified_gmt":"2025-02-06T15:05:48","slug":"park-halindeki-araca-carpti-o-anlar-kamerada","status":"publish","type":"post","link":"https:\/\/doguhabertv.com\/?p=2947","title":{"rendered":"Park halindeki araca \u00e7arpt\u0131: O anlar kamerada"},"content":{"rendered":"<p>Elaz\u0131\u011f&#8217;da s\u00fcr\u00fcc\u00fcs\u00fcn\u00fcn kontrol\u00fcn\u00fc kaybetti\u011fi otomobil, park halindeki araca \u00e7arpt\u0131. O anlar kameralara yans\u0131d\u0131.<\/p>\n<p>Olay, merkez \u015eehit \u00dcste\u011fmen Sami \u00c7ift\u00e7i Bulvar\u0131nda meydana geldi. Edinilen bilgiye g\u00f6re, s\u00fcr\u00fcc\u00fcn\u00fcn kontrol\u00fcnden \u00e7\u0131kan otomobil, park halindeki otomobile \u00e7arpt\u0131. Yaralanan\u0131n olmad\u0131\u011f\u0131 kazada, maddi hasar meydana geldi.<\/p>\n<div id=\"inpage_desktop\"><\/div>\n<p>Kaza\u00a0an\u0131 g\u00fcvenlik kameralar\u0131na saniye saniye yans\u0131d\u0131.<\/p>\n<p><strong>KAYNAK:SONDAK\u0130KA<\/strong><\/p>\n","protected":false},"excerpt":{"rendered":"<p>Elaz\u0131\u011f&#8217;da s\u00fcr\u00fcc\u00fcs\u00fcn\u00fcn kontrol\u00fcn\u00fc kaybetti\u011fi otomobil, park halindeki araca \u00e7arpt\u0131. O anlar kameralara yans\u0131d\u0131. Olay, merkez \u015eehit \u00dcste\u011fmen Sami \u00c7ift\u00e7i Bulvar\u0131nda meydana geldi. Edinilen bilgiye g\u00f6re, s\u00fcr\u00fcc\u00fcn\u00fcn kontrol\u00fcnden \u00e7\u0131kan otomobil, park halindeki otomobile \u00e7arpt\u0131. Yaralanan\u0131n olmad\u0131\u011f\u0131 kazada, maddi hasar meydana geldi. Kaza\u00a0an\u0131 g\u00fcvenlik kameralar\u0131na saniye saniye yans\u0131d\u0131. KAYNAK:SONDAK\u0130KA<\/p>\n","protected":false},"author":1,"featured_media":2948,"comment_status":"open","ping_status":"closed","sticky":false,"template":"","format":"standard","meta":{"footnotes":""},"categories":[8,2300],"tags":[829,1135,1570,2076],"class_list":["post-2947","post","type-post","status-publish","format-standard","has-post-thumbnail","hentry","category-gundem","category-haber","tag-guvenlik","tag-kaza","tag-otomobil","tag-trafik"],"_links":{"self":[{"href":"https:\/\/doguhabertv.com\/index.php?rest_route=\/wp\/v2\/posts\/2947","targetHints":{"allow":["GET"]}}],"collection":[{"href":"https:\/\/doguhabertv.com\/index.php?rest_route=\/wp\/v2\/posts"}],"about":[{"href":"https:\/\/doguhabertv.com\/index.php?rest_route=\/wp\/v2\/types\/post"}],"author":[{"embeddable":true,"href":"https:\/\/doguhabertv.com\/index.php?rest_route=\/wp\/v2\/users\/1"}],"replies":[{"embeddable":true,"href":"https:\/\/doguhabertv.com\/index.php?rest_route=%2Fwp%2Fv2%2Fcomments&post=2947"}],"version-history":[{"count":1,"href":"https:\/\/doguhabertv.com\/index.php?rest_route=\/wp\/v2\/posts\/2947\/revisions"}],"predecessor-version":[{"id":2949,"href":"https:\/\/doguhabertv.com\/index.php?rest_route=\/wp\/v2\/posts\/2947\/revisions\/2949"}],"wp:featuredmedia":[{"embeddable":true,"href":"https:\/\/doguhabertv.com\/index.php?rest_route=\/wp\/v2\/media\/2948"}],"wp:attachment":[{"href":"https:\/\/doguhabertv.com\/index.php?rest_route=%2Fwp%2Fv2%2Fmedia&parent=2947"}],"wp:term":[{"taxonomy":"category","embeddable":true,"href":"https:\/\/doguhabertv.com\/index.php?rest_route=%2Fwp%2Fv2%2Fcategories&post=2947"},{"taxonomy":"post_tag","embeddable":true,"href":"https:\/\/doguhabertv.com\/index.php?rest_route=%2Fwp%2Fv2%2Ftags&post=2947"}],"curies":[{"name":"wp","href":"https:\/\/api.w.org\/{rel}","templated":true}]}}