{"id":2944,"date":"2025-02-06T15:04:51","date_gmt":"2025-02-06T15:04:51","guid":{"rendered":"https:\/\/doguhabertv.com\/?p=2944"},"modified":"2025-02-06T15:04:51","modified_gmt":"2025-02-06T15:04:51","slug":"tuncelide-intihar-girisimi-kurtarildi","status":"publish","type":"post","link":"https:\/\/doguhabertv.com\/?p=2944","title":{"rendered":"Tunceli&#8217;de \u0130ntihar Giri\u015fimi Kurtar\u0131ld\u0131"},"content":{"rendered":"<p>Tunceli&#8217;de, viyad\u00fckten atlayarak intihar giri\u015fiminde bulunan \u015fah\u0131s, ekipler taraf\u0131ndan kurtar\u0131ld\u0131.<\/p>\n<p>Olay, Tunceli-\u00a0Elaz\u0131\u011f\u00a0karayolu \u00fczerinde bulunan Atat\u00fcrk Viyad\u00fc\u011f\u00fcnde meydana geldi. Edinilen bilgiye g\u00f6re 35 ya\u015f\u0131ndaki\u00a0Emrah\u00a0K. viyad\u00fckten Uzun\u00e7ay\u0131r Baraj G\u00f6l\u00fc&#8217;ne atlayarak intihar giri\u015fiminde bulundu. Olay\u0131 g\u00f6ren vatanda\u015flar\u0131n ihbar\u0131 \u00fczerine b\u00f6lgeye 112,\u00a0AFAD, itfaiye, polis ve jandarma ekipleri sevk edildi. B\u00f6lgeye giden ekiplerin \u00e7al\u0131\u015fmas\u0131yla intihar giri\u015fiminde bulunan vatanda\u015f, sudan \u00e7\u0131kar\u0131ld\u0131. \u0130lk m\u00fcdahalesi olay yerinde yap\u0131lan \u015fah\u0131s daha sonra ambulansla Tunceli Devlet Hastanesine kald\u0131r\u0131larak tedavi alt\u0131na al\u0131nd\u0131.<\/p>\n<div id=\"inpage_desktop\"><\/div>\n<p>\u015eahs\u0131n, genel sa\u011fl\u0131k durumunun iyi oldu\u011fu \u00f6\u011frenilirken olayla ilgili inceleme ba\u015flat\u0131ld\u0131.<\/p>\n<p><strong>KAYNAK:SONDAK\u0130KA<\/strong><\/p>\n","protected":false},"excerpt":{"rendered":"<p>Tunceli&#8217;de, viyad\u00fckten atlayarak intihar giri\u015fiminde bulunan \u015fah\u0131s, ekipler taraf\u0131ndan kurtar\u0131ld\u0131. Olay, Tunceli-\u00a0Elaz\u0131\u011f\u00a0karayolu \u00fczerinde bulunan Atat\u00fcrk Viyad\u00fc\u011f\u00fcnde meydana geldi. Edinilen bilgiye g\u00f6re 35 ya\u015f\u0131ndaki\u00a0Emrah\u00a0K. viyad\u00fckten Uzun\u00e7ay\u0131r Baraj G\u00f6l\u00fc&#8217;ne atlayarak intihar giri\u015fiminde bulundu. Olay\u0131 g\u00f6ren vatanda\u015flar\u0131n ihbar\u0131 \u00fczerine b\u00f6lgeye 112,\u00a0AFAD, itfaiye, polis ve jandarma ekipleri sevk edildi. B\u00f6lgeye giden ekiplerin \u00e7al\u0131\u015fmas\u0131yla intihar giri\u015fiminde bulunan vatanda\u015f, sudan \u00e7\u0131kar\u0131ld\u0131. [&hellip;]<\/p>\n","protected":false},"author":1,"featured_media":2945,"comment_status":"open","ping_status":"closed","sticky":false,"template":"","format":"standard","meta":{"footnotes":""},"categories":[8,2300],"tags":[2408,592,2447,1737,2446],"class_list":["post-2944","post","type-post","status-publish","format-standard","has-post-thumbnail","hentry","category-gundem","category-haber","tag-tunceli","tag-elazig","tag-emrah","tag-saglik","tag-sudan"],"_links":{"self":[{"href":"https:\/\/doguhabertv.com\/index.php?rest_route=\/wp\/v2\/posts\/2944","targetHints":{"allow":["GET"]}}],"collection":[{"href":"https:\/\/doguhabertv.com\/index.php?rest_route=\/wp\/v2\/posts"}],"about":[{"href":"https:\/\/doguhabertv.com\/index.php?rest_route=\/wp\/v2\/types\/post"}],"author":[{"embeddable":true,"href":"https:\/\/doguhabertv.com\/index.php?rest_route=\/wp\/v2\/users\/1"}],"replies":[{"embeddable":true,"href":"https:\/\/doguhabertv.com\/index.php?rest_route=%2Fwp%2Fv2%2Fcomments&post=2944"}],"version-history":[{"count":1,"href":"https:\/\/doguhabertv.com\/index.php?rest_route=\/wp\/v2\/posts\/2944\/revisions"}],"predecessor-version":[{"id":2946,"href":"https:\/\/doguhabertv.com\/index.php?rest_route=\/wp\/v2\/posts\/2944\/revisions\/2946"}],"wp:featuredmedia":[{"embeddable":true,"href":"https:\/\/doguhabertv.com\/index.php?rest_route=\/wp\/v2\/media\/2945"}],"wp:attachment":[{"href":"https:\/\/doguhabertv.com\/index.php?rest_route=%2Fwp%2Fv2%2Fmedia&parent=2944"}],"wp:term":[{"taxonomy":"category","embeddable":true,"href":"https:\/\/doguhabertv.com\/index.php?rest_route=%2Fwp%2Fv2%2Fcategories&post=2944"},{"taxonomy":"post_tag","embeddable":true,"href":"https:\/\/doguhabertv.com\/index.php?rest_route=%2Fwp%2Fv2%2Ftags&post=2944"}],"curies":[{"name":"wp","href":"https:\/\/api.w.org\/{rel}","templated":true}]}}