{"id":2941,"date":"2025-02-06T15:03:37","date_gmt":"2025-02-06T15:03:37","guid":{"rendered":"https:\/\/doguhabertv.com\/?p=2941"},"modified":"2025-02-06T15:03:37","modified_gmt":"2025-02-06T15:03:37","slug":"dogu-anadoluda-karla-mucadele","status":"publish","type":"post","link":"https:\/\/doguhabertv.com\/?p=2941","title":{"rendered":"Do\u011fu Anadolu&#8217;da Karla M\u00fccadele"},"content":{"rendered":"<p>Van,\u00a0Hakkari,\u00a0Bitlis\u00a0ve\u00a0Mu\u015f&#8217;ta olumsuz hava ko\u015fullar\u0131 nedeniyle 398 yerle\u015fim yerinin yolu ula\u015f\u0131ma kapand\u0131.<\/p>\n<p>Van B\u00fcy\u00fck\u015fehir Belediyesinden yap\u0131lan a\u00e7\u0131klamaya g\u00f6re, kar ve tipi nedeniyle kent genelinde 27 mahalle ile 33 mezraya ula\u015f\u0131m sa\u011flanam\u0131yor.<\/p>\n<p>Karla m\u00fccadele ekipleri, kapal\u0131 yollar\u0131n a\u00e7\u0131lmas\u0131 i\u00e7in \u00e7al\u0131\u015fmalar\u0131n\u0131 s\u00fcrd\u00fcr\u00fcyor.<\/p>\n<p>\u00d6te yandan, Van-Hakkari kara yolunda karla m\u00fccadele \u00e7al\u0131\u015fmas\u0131 y\u00fcr\u00fcten i\u015f makinesi devrildi. S\u00fcr\u00fcc\u00fc kazadan yara almadan kurtuldu.<\/p>\n<p>Hakkari<\/p>\n<p>Hakkari&#8217;de aral\u0131klarla etkisini s\u00fcrd\u00fcren ya\u011f\u0131\u015f nedeniyle kar kal\u0131nl\u0131\u011f\u0131 20 santimetreye ula\u015ft\u0131.<\/p>\n<p>Beyaza b\u00fcr\u00fcnen kentte vatanda\u015flar, ev ve i\u015f yerlerinin \u00f6n\u00fcn\u00fc temizledi.<\/p>\n<p>\u0130l \u00d6zel \u0130daresinden al\u0131nan bilgiye g\u00f6re, kar nedeniyle kent genelinde 66 k\u00f6y ve 102 mezra yolu ula\u015f\u0131ma kapand\u0131.<\/p>\n<p>Karla m\u00fccadele ekipleri, kapal\u0131 yollar\u0131n a\u00e7\u0131lmas\u0131 i\u00e7in \u00e7al\u0131\u015fma ba\u015flatt\u0131.<\/p>\n<p>Belediye ve karayollar\u0131 ekipleri de cadde ve yollarda kar k\u00fcreme \u00e7al\u0131\u015fmas\u0131 y\u00fcr\u00fctt\u00fc.<\/p>\n<p>Y\u00fcksekova\u00a0il\u00e7esinde de kar, ya\u015fam\u0131 olumsuz etkiledi.<\/p>\n<p>Kar kal\u0131nl\u0131\u011f\u0131n\u0131n 40 santimetreye ula\u015ft\u0131\u011f\u0131 il\u00e7ede vatanda\u015flar, ev ve i\u015f yerlerinin \u00f6n\u00fcnde biriken kar y\u0131\u011f\u0131nlar\u0131n\u0131 temizledi.<\/p>\n<p>S\u00fcr\u00fcc\u00fclerin ilerlemekte g\u00fc\u00e7l\u00fck \u00e7ekti\u011fi il\u00e7ede, karayollar\u0131 ekiplerinin kar k\u00fcreme \u00e7al\u0131\u015fmalar\u0131 s\u00fcr\u00fcyor.<\/p>\n<p>Mu\u015f<\/p>\n<p>Mu\u015f&#8217;ta d\u00fcn ak\u015fam ba\u015flayan kar ya\u011f\u0131\u015f\u0131 nedeniyle kent merkezi beyaza b\u00fcr\u00fcnd\u00fc.<\/p>\n<p>Kar nedeniyle y\u00fcksek yerle\u015fim yerlerinde ula\u015f\u0131mda aksamalar ya\u015fand\u0131.<\/p>\n<p>Baz\u0131 vatanda\u015flar, ara\u00e7 ve i\u015f yeri \u00f6n\u00fcndeki kar birikintilerini temizledi.<\/p>\n<p>\u0130l \u00d6zel \u0130daresi Genel Sekreteri \u015eeyhmus Yent\u00fcr, kar nedeniyle 59 k\u00f6y yolunun ula\u015f\u0131ma kapand\u0131\u011f\u0131n\u0131 bildirdi.<\/p>\n<p>Kar ya\u011f\u0131\u015f\u0131n\u0131n etkisini s\u00fcrd\u00fcrd\u00fc\u011f\u00fcn\u00fc belirten Yent\u00fcr, ekiplerin kapal\u0131 yollar\u0131 a\u00e7maya ba\u015flad\u0131\u011f\u0131n\u0131 ifade etti.<\/p>\n<p>Bitlis<\/p>\n<p>Bitlis&#8217;te kar ya\u011f\u0131\u015f\u0131 nedeniyle 111 k\u00f6ye ula\u015f\u0131m sa\u011flanam\u0131yor.<\/p>\n<p>\u0130l \u00d6zel \u0130daresi Yol ve\u00a0Ula\u015f\u0131m\u00a0Hizmetleri M\u00fcd\u00fcr\u00fc \u00dcmit Kurtkan, kapal\u0131 yollar\u0131n k\u0131sa s\u00fcrede ula\u015f\u0131ma a\u00e7\u0131laca\u011f\u0131n\u0131 belirtti.<\/p>\n<p>Ya\u011f\u0131\u015f nedeniyle beyaza b\u00fcr\u00fcnen kent merkezinde, belediye ve karayollar\u0131 ekipleri de karla m\u00fccadele \u00e7al\u0131\u015fmas\u0131 y\u00fcr\u00fctt\u00fc.<\/p>\n<p>Ahlat\u00a0ve\u00a0Tatvan\u00a0il\u00e7elerinde de g\u00fcne karla uyanan esnaf, i\u015f yerinin \u00f6n\u00fcndeki kar\u0131 temizledi.<\/p>\n<p>Kara haz\u0131rl\u0131ks\u0131z yakalanan s\u00fcr\u00fcc\u00fcler, ilerlemekte g\u00fc\u00e7l\u00fck \u00e7ekti.<\/p>\n<p><strong>KAYNAK:SONDAK\u0130KA<\/strong><\/p>\n","protected":false},"excerpt":{"rendered":"<p>Van,\u00a0Hakkari,\u00a0Bitlis\u00a0ve\u00a0Mu\u015f&#8217;ta olumsuz hava ko\u015fullar\u0131 nedeniyle 398 yerle\u015fim yerinin yolu ula\u015f\u0131ma kapand\u0131. Van B\u00fcy\u00fck\u015fehir Belediyesinden yap\u0131lan a\u00e7\u0131klamaya g\u00f6re, kar ve tipi nedeniyle kent genelinde 27 mahalle ile 33 mezraya ula\u015f\u0131m sa\u011flanam\u0131yor. Karla m\u00fccadele ekipleri, kapal\u0131 yollar\u0131n a\u00e7\u0131lmas\u0131 i\u00e7in \u00e7al\u0131\u015fmalar\u0131n\u0131 s\u00fcrd\u00fcr\u00fcyor. \u00d6te yandan, Van-Hakkari kara yolunda karla m\u00fccadele \u00e7al\u0131\u015fmas\u0131 y\u00fcr\u00fcten i\u015f makinesi devrildi. S\u00fcr\u00fcc\u00fc kazadan yara almadan [&hellip;]<\/p>\n","protected":false},"author":1,"featured_media":2942,"comment_status":"open","ping_status":"closed","sticky":false,"template":"","format":"standard","meta":{"footnotes":""},"categories":[8,2300],"tags":[2321,2312,2345,2314,2347,2445,2438,2443,1135,2210,2439],"class_list":["post-2941","post","type-post","status-publish","format-standard","has-post-thumbnail","hentry","category-gundem","category-haber","tag-bitlis","tag-hakkari","tag-mus","tag-ulasim","tag-van","tag-dogu-anadolu","tag-guncel","tag-hava-durumu","tag-kaza","tag-yasam","tag-yerel-haberler"],"_links":{"self":[{"href":"https:\/\/doguhabertv.com\/index.php?rest_route=\/wp\/v2\/posts\/2941","targetHints":{"allow":["GET"]}}],"collection":[{"href":"https:\/\/doguhabertv.com\/index.php?rest_route=\/wp\/v2\/posts"}],"about":[{"href":"https:\/\/doguhabertv.com\/index.php?rest_route=\/wp\/v2\/types\/post"}],"author":[{"embeddable":true,"href":"https:\/\/doguhabertv.com\/index.php?rest_route=\/wp\/v2\/users\/1"}],"replies":[{"embeddable":true,"href":"https:\/\/doguhabertv.com\/index.php?rest_route=%2Fwp%2Fv2%2Fcomments&post=2941"}],"version-history":[{"count":1,"href":"https:\/\/doguhabertv.com\/index.php?rest_route=\/wp\/v2\/posts\/2941\/revisions"}],"predecessor-version":[{"id":2943,"href":"https:\/\/doguhabertv.com\/index.php?rest_route=\/wp\/v2\/posts\/2941\/revisions\/2943"}],"wp:featuredmedia":[{"embeddable":true,"href":"https:\/\/doguhabertv.com\/index.php?rest_route=\/wp\/v2\/media\/2942"}],"wp:attachment":[{"href":"https:\/\/doguhabertv.com\/index.php?rest_route=%2Fwp%2Fv2%2Fmedia&parent=2941"}],"wp:term":[{"taxonomy":"category","embeddable":true,"href":"https:\/\/doguhabertv.com\/index.php?rest_route=%2Fwp%2Fv2%2Fcategories&post=2941"},{"taxonomy":"post_tag","embeddable":true,"href":"https:\/\/doguhabertv.com\/index.php?rest_route=%2Fwp%2Fv2%2Ftags&post=2941"}],"curies":[{"name":"wp","href":"https:\/\/api.w.org\/{rel}","templated":true}]}}