{"id":2938,"date":"2025-02-06T15:02:22","date_gmt":"2025-02-06T15:02:22","guid":{"rendered":"https:\/\/doguhabertv.com\/?p=2938"},"modified":"2025-02-06T15:02:22","modified_gmt":"2025-02-06T15:02:22","slug":"bitliste-trafik-kazasi-3-yarali","status":"publish","type":"post","link":"https:\/\/doguhabertv.com\/?p=2938","title":{"rendered":"Bitlis&#8217;te Trafik Kazas\u0131: 3 Yaral\u0131"},"content":{"rendered":"<p>Bitlis&#8217;in\u00a0Tatvan\u00a0il\u00e7esinde kamyon ve \u00e7\u00f6p arac\u0131n\u0131n \u00e7arp\u0131\u015fmas\u0131 sonucu meydana gelen\u00a0trafik\u00a0kazas\u0131nda 3 ki\u015fi yaralan\u0131rken, kaza an\u0131 ise bir i\u015f yerinin g\u00fcvenlik kameras\u0131na yans\u0131d\u0131.<\/p>\n<p>Bitlis genelinde etkili olan kar ya\u011f\u0131\u015f\u0131 kazalar\u0131 da beraberinde getirdi. Sabah saatlerinde Tatvan \u2013 Bitlis kara yolunun Rahva mevkiinde R.S.(38) isimli \u015fahs\u0131n s\u00fcr\u00fcc\u00fcl\u00fc\u011f\u00fcn\u00fc yapt\u0131\u011f\u0131 21** 318 plakal\u0131 kamyon ile C.B. (40) isimli \u015fahs\u0131n idaresindeki 13 AAF 770 plakal\u0131 Tatvan Belediyesine ait \u00e7\u00f6p ta\u015f\u0131ma arac\u0131 \u00e7arp\u0131\u015ft\u0131. Kazada 21**318 plakal\u0131 ara\u00e7 \u015fof\u00f6r\u00fc C.B. ile 13 AAF 770 plakal\u0131 ara\u00e7 \u015fof\u00f6r\u00fc ve ara\u00e7ta bulanan Y.A. isimli \u015fah\u0131s hayati tehlikesi olmayacak \u015fekilde yaraland\u0131. Yaral\u0131lar olay yerine \u00e7a\u011fr\u0131lan ambulanslarla hastane sevk edilirken, kaza ile ilgili ba\u015flat\u0131lan soru\u015fturma ise s\u00fcr\u00fcyor.<\/p>\n<div id=\"inpage_desktop\"><\/div>\n<p>\u00d6te yandan, ya\u015fanan kaza an\u0131 b\u00f6lgedeki bir i\u015f yerinin g\u00fcvenlik kameras\u0131na yans\u0131d\u0131.<\/p>\n<p><strong>KAYNAK:SONDAK\u0130KA<\/strong><\/p>\n","protected":false},"excerpt":{"rendered":"<p>Bitlis&#8217;in\u00a0Tatvan\u00a0il\u00e7esinde kamyon ve \u00e7\u00f6p arac\u0131n\u0131n \u00e7arp\u0131\u015fmas\u0131 sonucu meydana gelen\u00a0trafik\u00a0kazas\u0131nda 3 ki\u015fi yaralan\u0131rken, kaza an\u0131 ise bir i\u015f yerinin g\u00fcvenlik kameras\u0131na yans\u0131d\u0131. Bitlis genelinde etkili olan kar ya\u011f\u0131\u015f\u0131 kazalar\u0131 da beraberinde getirdi. Sabah saatlerinde Tatvan \u2013 Bitlis kara yolunun Rahva mevkiinde R.S.(38) isimli \u015fahs\u0131n s\u00fcr\u00fcc\u00fcl\u00fc\u011f\u00fcn\u00fc yapt\u0131\u011f\u0131 21** 318 plakal\u0131 kamyon ile C.B. (40) isimli \u015fahs\u0131n idaresindeki [&hellip;]<\/p>\n","protected":false},"author":1,"featured_media":2939,"comment_status":"open","ping_status":"closed","sticky":false,"template":"","format":"standard","meta":{"footnotes":""},"categories":[8,2300],"tags":[2321,2442,2443,1135,2444,2076,2210],"class_list":["post-2938","post","type-post","status-publish","format-standard","has-post-thumbnail","hentry","category-gundem","category-haber","tag-bitlis","tag-guvenlik-kamerasi","tag-hava-durumu","tag-kaza","tag-tatvan","tag-trafik","tag-yasam"],"_links":{"self":[{"href":"https:\/\/doguhabertv.com\/index.php?rest_route=\/wp\/v2\/posts\/2938","targetHints":{"allow":["GET"]}}],"collection":[{"href":"https:\/\/doguhabertv.com\/index.php?rest_route=\/wp\/v2\/posts"}],"about":[{"href":"https:\/\/doguhabertv.com\/index.php?rest_route=\/wp\/v2\/types\/post"}],"author":[{"embeddable":true,"href":"https:\/\/doguhabertv.com\/index.php?rest_route=\/wp\/v2\/users\/1"}],"replies":[{"embeddable":true,"href":"https:\/\/doguhabertv.com\/index.php?rest_route=%2Fwp%2Fv2%2Fcomments&post=2938"}],"version-history":[{"count":1,"href":"https:\/\/doguhabertv.com\/index.php?rest_route=\/wp\/v2\/posts\/2938\/revisions"}],"predecessor-version":[{"id":2940,"href":"https:\/\/doguhabertv.com\/index.php?rest_route=\/wp\/v2\/posts\/2938\/revisions\/2940"}],"wp:featuredmedia":[{"embeddable":true,"href":"https:\/\/doguhabertv.com\/index.php?rest_route=\/wp\/v2\/media\/2939"}],"wp:attachment":[{"href":"https:\/\/doguhabertv.com\/index.php?rest_route=%2Fwp%2Fv2%2Fmedia&parent=2938"}],"wp:term":[{"taxonomy":"category","embeddable":true,"href":"https:\/\/doguhabertv.com\/index.php?rest_route=%2Fwp%2Fv2%2Fcategories&post=2938"},{"taxonomy":"post_tag","embeddable":true,"href":"https:\/\/doguhabertv.com\/index.php?rest_route=%2Fwp%2Fv2%2Ftags&post=2938"}],"curies":[{"name":"wp","href":"https:\/\/api.w.org\/{rel}","templated":true}]}}