{"id":2928,"date":"2025-01-27T16:23:02","date_gmt":"2025-01-27T16:23:02","guid":{"rendered":"https:\/\/doguhabertv.com\/?p=2928"},"modified":"2025-01-27T16:23:02","modified_gmt":"2025-01-27T16:23:02","slug":"ardahanda-coban-kopeginin-kurtlarla-mucadelesi-guvenlik-kamerasinda","status":"publish","type":"post","link":"https:\/\/doguhabertv.com\/?p=2928","title":{"rendered":"Ardahan&#8217;da \u00c7oban K\u00f6pe\u011finin Kurtlarla M\u00fccadelesi G\u00fcvenlik Kameras\u0131nda"},"content":{"rendered":"<p>ARDAHAN&#8217;da k\u00f6ye inen kurt s\u00fcr\u00fcs\u00fcne, \u00e7oban k\u00f6pe\u011fi kar\u015f\u0131 koydu. K\u00f6pe\u011fin kurtlarla m\u00fccadelesi, g\u00fcvenlik kameras\u0131na da yans\u0131d\u0131.<\/p>\n<p>Olay, saat 02.00 s\u0131ralar\u0131nda\u00a0G\u00f6le\u00a0il\u00e7esine ba\u011fl\u0131 Yele\u00e7li k\u00f6y\u00fcnde meydana geldi. Karl\u0131 kapl\u0131 arazide avlanan kurt s\u00fcr\u00fcs\u00fc k\u00f6ye kadar indi. Kurtlar, sokakta dola\u015fan \u00e7oban k\u00f6pe\u011fine sald\u0131rd\u0131. \u00c7oban k\u00f6pe\u011fi, yan\u0131na yakla\u015ft\u0131rmad\u0131\u011f\u0131 kurtlar\u0131 uzakla\u015ft\u0131rd\u0131. \u00c7oban k\u00f6pe\u011finin m\u00fccadelesi bir evin g\u00fcvenlik kameras\u0131na yans\u0131d\u0131. G\u00fcr\u00fclt\u00fc \u00fczerine ev sahibinin pencereyi a\u00e7arak ba\u011f\u0131rmas\u0131 \u00fczerine kurt s\u00fcr\u00fcs\u00fc b\u00f6lgeden h\u0131zla uzakla\u015ft\u0131.<\/p>\n<p><strong>KAYNAK:SONDAK\u0130KA<\/strong><\/p>\n","protected":false},"excerpt":{"rendered":"<p>ARDAHAN&#8217;da k\u00f6ye inen kurt s\u00fcr\u00fcs\u00fcne, \u00e7oban k\u00f6pe\u011fi kar\u015f\u0131 koydu. K\u00f6pe\u011fin kurtlarla m\u00fccadelesi, g\u00fcvenlik kameras\u0131na da yans\u0131d\u0131. Olay, saat 02.00 s\u0131ralar\u0131nda\u00a0G\u00f6le\u00a0il\u00e7esine ba\u011fl\u0131 Yele\u00e7li k\u00f6y\u00fcnde meydana geldi. Karl\u0131 kapl\u0131 arazide avlanan kurt s\u00fcr\u00fcs\u00fc k\u00f6ye kadar indi. Kurtlar, sokakta dola\u015fan \u00e7oban k\u00f6pe\u011fine sald\u0131rd\u0131. \u00c7oban k\u00f6pe\u011fi, yan\u0131na yakla\u015ft\u0131rmad\u0131\u011f\u0131 kurtlar\u0131 uzakla\u015ft\u0131rd\u0131. \u00c7oban k\u00f6pe\u011finin m\u00fccadelesi bir evin g\u00fcvenlik kameras\u0131na yans\u0131d\u0131. G\u00fcr\u00fclt\u00fc [&hellip;]<\/p>\n","protected":false},"author":1,"featured_media":2929,"comment_status":"open","ping_status":"closed","sticky":false,"template":"","format":"standard","meta":{"footnotes":""},"categories":[8,2300],"tags":[2360,2438,829,2437,2210],"class_list":["post-2928","post","type-post","status-publish","format-standard","has-post-thumbnail","hentry","category-gundem","category-haber","tag-ardahan","tag-guncel","tag-guvenlik","tag-hayvanlar","tag-yasam"],"_links":{"self":[{"href":"https:\/\/doguhabertv.com\/index.php?rest_route=\/wp\/v2\/posts\/2928","targetHints":{"allow":["GET"]}}],"collection":[{"href":"https:\/\/doguhabertv.com\/index.php?rest_route=\/wp\/v2\/posts"}],"about":[{"href":"https:\/\/doguhabertv.com\/index.php?rest_route=\/wp\/v2\/types\/post"}],"author":[{"embeddable":true,"href":"https:\/\/doguhabertv.com\/index.php?rest_route=\/wp\/v2\/users\/1"}],"replies":[{"embeddable":true,"href":"https:\/\/doguhabertv.com\/index.php?rest_route=%2Fwp%2Fv2%2Fcomments&post=2928"}],"version-history":[{"count":1,"href":"https:\/\/doguhabertv.com\/index.php?rest_route=\/wp\/v2\/posts\/2928\/revisions"}],"predecessor-version":[{"id":2930,"href":"https:\/\/doguhabertv.com\/index.php?rest_route=\/wp\/v2\/posts\/2928\/revisions\/2930"}],"wp:featuredmedia":[{"embeddable":true,"href":"https:\/\/doguhabertv.com\/index.php?rest_route=\/wp\/v2\/media\/2929"}],"wp:attachment":[{"href":"https:\/\/doguhabertv.com\/index.php?rest_route=%2Fwp%2Fv2%2Fmedia&parent=2928"}],"wp:term":[{"taxonomy":"category","embeddable":true,"href":"https:\/\/doguhabertv.com\/index.php?rest_route=%2Fwp%2Fv2%2Fcategories&post=2928"},{"taxonomy":"post_tag","embeddable":true,"href":"https:\/\/doguhabertv.com\/index.php?rest_route=%2Fwp%2Fv2%2Ftags&post=2928"}],"curies":[{"name":"wp","href":"https:\/\/api.w.org\/{rel}","templated":true}]}}