{"id":2924,"date":"2025-01-23T16:26:15","date_gmt":"2025-01-23T16:26:15","guid":{"rendered":"https:\/\/doguhabertv.com\/?p=2924"},"modified":"2025-01-23T16:26:15","modified_gmt":"2025-01-23T16:26:15","slug":"adilcevazda-tir-devrildi-3-yarali","status":"publish","type":"post","link":"https:\/\/doguhabertv.com\/?p=2924","title":{"rendered":"Adilcevaz&#8217;da T\u0131r Devrildi: 3 Yaral\u0131"},"content":{"rendered":"<p>Bitlis&#8217;in\u00a0Adilcevaz\u00a0il\u00e7esinde viraj\u0131 alamayan t\u0131r devrilirken i\u00e7erisindeki 3 ki\u015fi de yaraland\u0131.<\/p>\n<p>Al\u0131nan bilgilere g\u00f6re kaza, Gabanlar mevkiindeki Seyri Cevaz Tesisler yak\u0131nlar\u0131nda meydana geldi. S\u00fcr\u00fcc\u00fcs\u00fcn\u00fcn ismi \u00f6\u011frenilemeyen 33 AUY plakal\u0131 t\u0131r, viraj\u0131 alamayarak yan yatt\u0131. \u00c7evredekiler haber vermesiyle b\u00f6lgeye gelen sa\u011fl\u0131k ekipleri taraf\u0131ndan ilk m\u00fcdahaleleri yap\u0131lan yaral\u0131lar, ambulansla Adilcevaz Onkoloji Hastanesine kald\u0131r\u0131ld\u0131.<\/p>\n<p>G\u00fcvenlik kameras\u0131na da yans\u0131yan kazayla birlikte hemen yard\u0131ma ko\u015ftuklar\u0131n\u0131 ifade eden Engin G\u00f6ksoy, &#8220;Tesiste \u00e7al\u0131\u015f\u0131rken bir anda b\u00fcy\u00fck bir g\u00fcr\u00fclt\u00fc duyduk. Hemen \u00e7al\u0131\u015fanlar\u0131m\u0131zla birlikte olay yerine ko\u015ftuk. Viraj\u0131 alamayan t\u0131r yan yatm\u0131\u015ft\u0131. O anda 112 Acil \u00c7a\u011fr\u0131 Merkezini arayarak bilgi verdik. Gelen sa\u011fl\u0131k ekipleri 3 yaral\u0131y\u0131 hastaneye g\u00f6t\u00fcrd\u00fc&#8221; dedi.<\/p>\n<p><strong>KAYNAK:SONDAK\u0130KA<\/strong><\/p>\n","protected":false},"excerpt":{"rendered":"<p>Bitlis&#8217;in\u00a0Adilcevaz\u00a0il\u00e7esinde viraj\u0131 alamayan t\u0131r devrilirken i\u00e7erisindeki 3 ki\u015fi de yaraland\u0131. Al\u0131nan bilgilere g\u00f6re kaza, Gabanlar mevkiindeki Seyri Cevaz Tesisler yak\u0131nlar\u0131nda meydana geldi. S\u00fcr\u00fcc\u00fcs\u00fcn\u00fcn ismi \u00f6\u011frenilemeyen 33 AUY plakal\u0131 t\u0131r, viraj\u0131 alamayarak yan yatt\u0131. \u00c7evredekiler haber vermesiyle b\u00f6lgeye gelen sa\u011fl\u0131k ekipleri taraf\u0131ndan ilk m\u00fcdahaleleri yap\u0131lan yaral\u0131lar, ambulansla Adilcevaz Onkoloji Hastanesine kald\u0131r\u0131ld\u0131. G\u00fcvenlik kameras\u0131na da yans\u0131yan kazayla [&hellip;]<\/p>\n","protected":false},"author":1,"featured_media":2925,"comment_status":"open","ping_status":"closed","sticky":false,"template":"","format":"standard","meta":{"footnotes":""},"categories":[8,2300],"tags":[2299,835,1135,2057],"class_list":["post-2924","post","type-post","status-publish","format-standard","has-post-thumbnail","hentry","category-gundem","category-haber","tag-yarali","tag-haber","tag-kaza","tag-tir"],"_links":{"self":[{"href":"https:\/\/doguhabertv.com\/index.php?rest_route=\/wp\/v2\/posts\/2924","targetHints":{"allow":["GET"]}}],"collection":[{"href":"https:\/\/doguhabertv.com\/index.php?rest_route=\/wp\/v2\/posts"}],"about":[{"href":"https:\/\/doguhabertv.com\/index.php?rest_route=\/wp\/v2\/types\/post"}],"author":[{"embeddable":true,"href":"https:\/\/doguhabertv.com\/index.php?rest_route=\/wp\/v2\/users\/1"}],"replies":[{"embeddable":true,"href":"https:\/\/doguhabertv.com\/index.php?rest_route=%2Fwp%2Fv2%2Fcomments&post=2924"}],"version-history":[{"count":1,"href":"https:\/\/doguhabertv.com\/index.php?rest_route=\/wp\/v2\/posts\/2924\/revisions"}],"predecessor-version":[{"id":2926,"href":"https:\/\/doguhabertv.com\/index.php?rest_route=\/wp\/v2\/posts\/2924\/revisions\/2926"}],"wp:featuredmedia":[{"embeddable":true,"href":"https:\/\/doguhabertv.com\/index.php?rest_route=\/wp\/v2\/media\/2925"}],"wp:attachment":[{"href":"https:\/\/doguhabertv.com\/index.php?rest_route=%2Fwp%2Fv2%2Fmedia&parent=2924"}],"wp:term":[{"taxonomy":"category","embeddable":true,"href":"https:\/\/doguhabertv.com\/index.php?rest_route=%2Fwp%2Fv2%2Fcategories&post=2924"},{"taxonomy":"post_tag","embeddable":true,"href":"https:\/\/doguhabertv.com\/index.php?rest_route=%2Fwp%2Fv2%2Ftags&post=2924"}],"curies":[{"name":"wp","href":"https:\/\/api.w.org\/{rel}","templated":true}]}}