{"id":2921,"date":"2025-01-23T16:24:46","date_gmt":"2025-01-23T16:24:46","guid":{"rendered":"https:\/\/doguhabertv.com\/?p=2921"},"modified":"2025-01-23T16:24:46","modified_gmt":"2025-01-23T16:24:46","slug":"bisikletlerle-hayal-gerceklesti","status":"publish","type":"post","link":"https:\/\/doguhabertv.com\/?p=2921","title":{"rendered":"Bisikletlerle Hayal Ger\u00e7ekle\u015fti"},"content":{"rendered":"<p>Kars,\u00a0Ardahan\u00a0ve\u00a0I\u011fd\u0131r&#8217;daki 3 k\u00f6y okulunda \u00f6\u011frenim g\u00f6ren \u00f6\u011frencilerin,\u00a0\u0130zmir&#8217;deki \u00f6\u011fretmenlerin g\u00f6nderdi\u011fi bisiklet hediyeleriyle hayalleri ger\u00e7ekle\u015fti.<\/p>\n<p>\u0130zmir \u0130l Milli\u00a0E\u011fitim\u00a0M\u00fcd\u00fcrl\u00fc\u011f\u00fcn\u00fcn\u00a0Alia\u011fa\u00a0Cumhuriyet \u0130lkokulu&#8217;nda y\u00fcr\u00fctt\u00fc\u011f\u00fc &#8220;\u0130yilik\u00a0G\u00f6n\u00fclleri&#8221;, &#8220;Velespitim P\u0131r\u0131l P\u0131r\u0131l&#8221; ve &#8220;Bir Dilek\u00a0Tut&#8221; projeleri kapsam\u0131nda daha \u00f6nce\u00a0Do\u011fu Anadolu&#8217;da g\u00f6rev yapan \u00f6\u011fretmenler Melek \u00d6zel ve Berna G\u00fcrler \u00e7al\u0131\u015fma y\u00fcr\u00fctt\u00fc.<\/p>\n<p>\u00d6\u011fretmenlerin temin etti\u011fi 42 bisiklet, Kars Al\u00e7\u0131l\u0131 K\u00f6y\u00fc \u0130lkokulu, I\u011fd\u0131r\u00a0Tuzluca\u00a0E\u011frekdere K\u00f6y\u00fc \u0130lkokulu ve Ardahan\u00a0G\u00f6le\u00a0Tahtak\u0131ran K\u00f6y\u00fc \u0130lkokulu&#8217;ndaki \u00f6\u011frencilere g\u00f6nderildi.<\/p>\n<p>\u0130zmir&#8217;den gelen hediyelerle hayallerini ger\u00e7ekle\u015ftiren \u00f6\u011frenciler, yar\u0131y\u0131l tatilini pedal \u00e7evirerek ge\u00e7iriyor.<\/p>\n<p>&#8220;\u00c7ocuklar\u0131m\u0131z \u00e7ok sevindiler&#8221;<\/p>\n<p>Projeye destek vererek bisikletleri \u00f6\u011frencilere ula\u015ft\u0131ran Kafkas \u00dcniversitesinde g\u00f6rev yapan \u00f6\u011fretim g\u00f6revlisi \u00dcst\u00fcner Baki, AA muhabirine, 3 ildeki 3 k\u00f6y okulunda \u00f6\u011frenim g\u00f6ren 42 \u00f6\u011frenciye bisikletleri teslim ettiklerini s\u00f6yledi.<\/p>\n<p>K\u00f6ydeki \u00e7ocuklar\u0131n bisikletlerle yar\u0131y\u0131l tatiline daha da mutlu girdi\u011fini ifade eden Baki, &#8220;Proje y\u00fcr\u00fct\u00fcc\u00fclerine ve eme\u011fi ge\u00e7enlere te\u015fekk\u00fcr ediyoruz. Buradaki \u00e7ocuklar \u00e7ok mutlu oldular. Bu durum belki \u00f6\u011frencilerin hayatlar\u0131nda \u00e7ok \u00f6nemli bir yer edindi. Bu mutlu an\u0131 payla\u015fmak isterim, \u00e7ok g\u00fczel bir ortam oldu, \u00e7ocuklar\u0131m\u0131z \u00e7ok sevindiler.&#8221; dedi.<\/p>\n<p>Baki,\u00a0T\u00fcrkiye&#8217;nin bir ucundan di\u011fer ucuna g\u00f6n\u00fcl k\u00f6pr\u00fcs\u00fc kuruldu\u011funu anlatarak, &#8220;\u00d6\u011frencilerimizin \u00e7ocukluk hayallerinden bir tanesi de bisiklet sahibi olmakt\u0131. Bu ba\u011flamda \u00e7ocuklar\u0131n mutlu olmas\u0131 \u00e7ok \u00f6nemli, \u0130zmir&#8217;den Kars&#8217;a bir g\u00f6n\u00fcl k\u00f6pr\u00fcs\u00fc kuruldu. Bunlar g\u00fczel projeler, eme\u011fi ge\u00e7enlere te\u015fekk\u00fcr ediyoruz.&#8221; diye konu\u015ftu.<\/p>\n<p>Proje y\u00f6neticileri Berna G\u00fcrler ve Melek \u00d6zel de bisikletlerin \u00e7ocuklar\u0131n hayal g\u00fc\u00e7lerine yol arkada\u015fl\u0131\u011f\u0131 yapaca\u011f\u0131n\u0131 belirterek, \u00f6\u011frencilere mutluluk ve ba\u015far\u0131 diledi.<\/p>\n<p><strong>KAYNAK:SONDAK\u0130KA<\/strong><\/p>\n","protected":false},"excerpt":{"rendered":"<p>Kars,\u00a0Ardahan\u00a0ve\u00a0I\u011fd\u0131r&#8217;daki 3 k\u00f6y okulunda \u00f6\u011frenim g\u00f6ren \u00f6\u011frencilerin,\u00a0\u0130zmir&#8217;deki \u00f6\u011fretmenlerin g\u00f6nderdi\u011fi bisiklet hediyeleriyle hayalleri ger\u00e7ekle\u015fti. \u0130zmir \u0130l Milli\u00a0E\u011fitim\u00a0M\u00fcd\u00fcrl\u00fc\u011f\u00fcn\u00fcn\u00a0Alia\u011fa\u00a0Cumhuriyet \u0130lkokulu&#8217;nda y\u00fcr\u00fctt\u00fc\u011f\u00fc &#8220;\u0130yilik\u00a0G\u00f6n\u00fclleri&#8221;, &#8220;Velespitim P\u0131r\u0131l P\u0131r\u0131l&#8221; ve &#8220;Bir Dilek\u00a0Tut&#8221; projeleri kapsam\u0131nda daha \u00f6nce\u00a0Do\u011fu Anadolu&#8217;da g\u00f6rev yapan \u00f6\u011fretmenler Melek \u00d6zel ve Berna G\u00fcrler \u00e7al\u0131\u015fma y\u00fcr\u00fctt\u00fc. \u00d6\u011fretmenlerin temin etti\u011fi 42 bisiklet, Kars Al\u00e7\u0131l\u0131 K\u00f6y\u00fc \u0130lkokulu, I\u011fd\u0131r\u00a0Tuzluca\u00a0E\u011frekdere K\u00f6y\u00fc \u0130lkokulu ve Ardahan\u00a0G\u00f6le\u00a0Tahtak\u0131ran K\u00f6y\u00fc [&hellip;]<\/p>\n","protected":false},"author":1,"featured_media":2922,"comment_status":"open","ping_status":"closed","sticky":false,"template":"","format":"standard","meta":{"footnotes":""},"categories":[8,2300],"tags":[306,835,874,887],"class_list":["post-2921","post","type-post","status-publish","format-standard","has-post-thumbnail","hentry","category-gundem","category-haber","tag-bisiklet","tag-haber","tag-hayal","tag-hediye"],"_links":{"self":[{"href":"https:\/\/doguhabertv.com\/index.php?rest_route=\/wp\/v2\/posts\/2921","targetHints":{"allow":["GET"]}}],"collection":[{"href":"https:\/\/doguhabertv.com\/index.php?rest_route=\/wp\/v2\/posts"}],"about":[{"href":"https:\/\/doguhabertv.com\/index.php?rest_route=\/wp\/v2\/types\/post"}],"author":[{"embeddable":true,"href":"https:\/\/doguhabertv.com\/index.php?rest_route=\/wp\/v2\/users\/1"}],"replies":[{"embeddable":true,"href":"https:\/\/doguhabertv.com\/index.php?rest_route=%2Fwp%2Fv2%2Fcomments&post=2921"}],"version-history":[{"count":1,"href":"https:\/\/doguhabertv.com\/index.php?rest_route=\/wp\/v2\/posts\/2921\/revisions"}],"predecessor-version":[{"id":2923,"href":"https:\/\/doguhabertv.com\/index.php?rest_route=\/wp\/v2\/posts\/2921\/revisions\/2923"}],"wp:featuredmedia":[{"embeddable":true,"href":"https:\/\/doguhabertv.com\/index.php?rest_route=\/wp\/v2\/media\/2922"}],"wp:attachment":[{"href":"https:\/\/doguhabertv.com\/index.php?rest_route=%2Fwp%2Fv2%2Fmedia&parent=2921"}],"wp:term":[{"taxonomy":"category","embeddable":true,"href":"https:\/\/doguhabertv.com\/index.php?rest_route=%2Fwp%2Fv2%2Fcategories&post=2921"},{"taxonomy":"post_tag","embeddable":true,"href":"https:\/\/doguhabertv.com\/index.php?rest_route=%2Fwp%2Fv2%2Ftags&post=2921"}],"curies":[{"name":"wp","href":"https:\/\/api.w.org\/{rel}","templated":true}]}}