{"id":2912,"date":"2025-01-21T14:48:42","date_gmt":"2025-01-21T14:48:42","guid":{"rendered":"https:\/\/doguhabertv.com\/?p=2912"},"modified":"2025-01-21T14:48:42","modified_gmt":"2025-01-21T14:48:42","slug":"karsta-hijyen-egitimi-kurslari-basladi","status":"publish","type":"post","link":"https:\/\/doguhabertv.com\/?p=2912","title":{"rendered":"Kars&#8217;ta Hijyen E\u011fitimi Kurslar\u0131 Ba\u015flad\u0131"},"content":{"rendered":"<p>Kars\u00a0Tar\u0131m\u00a0ve Orman \u0130l M\u00fcd\u00fcrl\u00fc\u011f\u00fc, hayvanc\u0131l\u0131k sekt\u00f6r\u00fcnde verimlili\u011fi art\u0131rmak ve hijyen standartlar\u0131n\u0131 y\u00fckseltmek amac\u0131yla &#8220;B\u00fcy\u00fckba\u015f Hayvanc\u0131l\u0131kta Sa\u011f\u0131m Hijyeni ve Sanitasyon&#8221; kursu d\u00fczenledi.\u00a0E\u011fitim, b\u00f6lgedeki \u00e7ift\u00e7ilerin ve hayvanc\u0131l\u0131k i\u015fletmelerinin sa\u011fl\u0131kl\u0131 s\u00fct \u00fcretimi konusunda bilin\u00e7lenmelerine katk\u0131 sa\u011fl\u0131yor.<\/p>\n<p>Tar\u0131m ve Orman M\u00fcd\u00fcrl\u00fc\u011f\u00fc&#8217;nce &#8220;Kad\u0131n \u00c7ift\u00e7iler \u00d6\u011freniyor, Ekonomik ve Sosyal Olarak G\u00fc\u00e7leniyor Projesi&#8221; \u00e7er\u00e7evesinde B\u00fcy\u00fck Ba\u015f Hayvanc\u0131l\u0131kta Sa\u011f\u0131m Hijyeni ve Sanitasyon kurslar\u0131\u00a0Sar\u0131kam\u0131\u015f&#8217;a ba\u011fl\u0131 Yay\u0131kl\u0131,\u00a0\u00c7atak\u00a0ve Yenigazi k\u00f6ylerinde start ald\u0131.<\/p>\n<p>Kurs kapsam\u0131nda, s\u00fct sa\u011f\u0131m\u0131nda dikkat edilmesi gereken hijyen kurallar\u0131, ekipman temizli\u011fi, s\u00fct kalitesinin art\u0131r\u0131lmas\u0131 ve hayvan sa\u011fl\u0131\u011f\u0131n\u0131n korunmas\u0131 gibi konular ele al\u0131nd\u0131. Ayr\u0131ca, kat\u0131l\u0131mc\u0131lara modern sa\u011f\u0131m teknikleri ve sanitasyon uygulamalar\u0131 hakk\u0131nda teorik ve pratik bilgiler verildi.<\/p>\n<p>E\u011fitimler, alan\u0131nda uzman veteriner hekimler ve zooteknistler taraf\u0131ndan veriliyor. \u00c7ift\u00e7iler, edindikleri bilgilerle hem hayvan refah\u0131n\u0131 art\u0131rabilecek hem de y\u00fcksek kalitede s\u00fct \u00fcretimi yaparak ekonomik kazan\u00e7lar\u0131n\u0131 art\u0131rabilecek. Kars halk\u0131 i\u00e7in \u00f6nemli bir f\u0131rsat olan bu e\u011fitim program\u0131, sa\u011fl\u0131kl\u0131 ve hijyenik s\u00fct \u00fcretimi konusundaki fark\u0131ndal\u0131\u011f\u0131 art\u0131rarak, b\u00f6lge hayvanc\u0131l\u0131\u011f\u0131n\u0131n ulusal standartlara uygun hale gelmesine katk\u0131 sa\u011flayacak.<\/p>\n<p><strong>KAYNAK:SONDAK\u0130KA<\/strong><\/p>\n","protected":false},"excerpt":{"rendered":"<p>Kars\u00a0Tar\u0131m\u00a0ve Orman \u0130l M\u00fcd\u00fcrl\u00fc\u011f\u00fc, hayvanc\u0131l\u0131k sekt\u00f6r\u00fcnde verimlili\u011fi art\u0131rmak ve hijyen standartlar\u0131n\u0131 y\u00fckseltmek amac\u0131yla &#8220;B\u00fcy\u00fckba\u015f Hayvanc\u0131l\u0131kta Sa\u011f\u0131m Hijyeni ve Sanitasyon&#8221; kursu d\u00fczenledi.\u00a0E\u011fitim, b\u00f6lgedeki \u00e7ift\u00e7ilerin ve hayvanc\u0131l\u0131k i\u015fletmelerinin sa\u011fl\u0131kl\u0131 s\u00fct \u00fcretimi konusunda bilin\u00e7lenmelerine katk\u0131 sa\u011fl\u0131yor. Tar\u0131m ve Orman M\u00fcd\u00fcrl\u00fc\u011f\u00fc&#8217;nce &#8220;Kad\u0131n \u00c7ift\u00e7iler \u00d6\u011freniyor, Ekonomik ve Sosyal Olarak G\u00fc\u00e7leniyor Projesi&#8221; \u00e7er\u00e7evesinde B\u00fcy\u00fck Ba\u015f Hayvanc\u0131l\u0131kta Sa\u011f\u0131m Hijyeni ve Sanitasyon kurslar\u0131\u00a0Sar\u0131kam\u0131\u015f&#8217;a [&hellip;]<\/p>\n","protected":false},"author":1,"featured_media":2913,"comment_status":"open","ping_status":"closed","sticky":false,"template":"","format":"standard","meta":{"footnotes":""},"categories":[8,2300],"tags":[2434,2334,2435,835],"class_list":["post-2912","post","type-post","status-publish","format-standard","has-post-thumbnail","hentry","category-gundem","category-haber","tag-hijyen","tag-kars","tag-kurs","tag-haber"],"_links":{"self":[{"href":"https:\/\/doguhabertv.com\/index.php?rest_route=\/wp\/v2\/posts\/2912","targetHints":{"allow":["GET"]}}],"collection":[{"href":"https:\/\/doguhabertv.com\/index.php?rest_route=\/wp\/v2\/posts"}],"about":[{"href":"https:\/\/doguhabertv.com\/index.php?rest_route=\/wp\/v2\/types\/post"}],"author":[{"embeddable":true,"href":"https:\/\/doguhabertv.com\/index.php?rest_route=\/wp\/v2\/users\/1"}],"replies":[{"embeddable":true,"href":"https:\/\/doguhabertv.com\/index.php?rest_route=%2Fwp%2Fv2%2Fcomments&post=2912"}],"version-history":[{"count":1,"href":"https:\/\/doguhabertv.com\/index.php?rest_route=\/wp\/v2\/posts\/2912\/revisions"}],"predecessor-version":[{"id":2914,"href":"https:\/\/doguhabertv.com\/index.php?rest_route=\/wp\/v2\/posts\/2912\/revisions\/2914"}],"wp:featuredmedia":[{"embeddable":true,"href":"https:\/\/doguhabertv.com\/index.php?rest_route=\/wp\/v2\/media\/2913"}],"wp:attachment":[{"href":"https:\/\/doguhabertv.com\/index.php?rest_route=%2Fwp%2Fv2%2Fmedia&parent=2912"}],"wp:term":[{"taxonomy":"category","embeddable":true,"href":"https:\/\/doguhabertv.com\/index.php?rest_route=%2Fwp%2Fv2%2Fcategories&post=2912"},{"taxonomy":"post_tag","embeddable":true,"href":"https:\/\/doguhabertv.com\/index.php?rest_route=%2Fwp%2Fv2%2Ftags&post=2912"}],"curies":[{"name":"wp","href":"https:\/\/api.w.org\/{rel}","templated":true}]}}