{"id":2900,"date":"2025-01-17T16:01:43","date_gmt":"2025-01-17T16:01:43","guid":{"rendered":"https:\/\/doguhabertv.com\/?p=2900"},"modified":"2025-01-17T16:01:43","modified_gmt":"2025-01-17T16:01:43","slug":"van-hakkari-bitlis-ve-musta-ogrenciler-karnelerini-aldi","status":"publish","type":"post","link":"https:\/\/doguhabertv.com\/?p=2900","title":{"rendered":"Van, Hakkari, Bitlis ve Mu\u015f&#8217;ta \u00f6\u011frenciler karnelerini ald\u0131"},"content":{"rendered":"<p>Van,\u00a0Hakkari,\u00a0Bitlis\u00a0ve\u00a0Mu\u015f&#8217;ta okullarda d\u00fczenlenen t\u00f6renlerle \u00f6\u011frencilere karneleri verildi.<\/p>\n<p>Van&#8217;da 1650 okulda 290 bin \u00f6\u011frenci karne heyecan\u0131 ya\u015fad\u0131. Edremit il\u00e7esindeki \u015eehit\u00a0Jandarma\u00a0Yarbay\u00a0Yusuf Turgut\u00a0\u0130lkokulu&#8217;nda karne da\u011f\u0131t\u0131m t\u00f6reni d\u00fczenlendi.<\/p>\n<p>T\u00f6rene kat\u0131lan Van Valisi Ozan\u00a0Balc\u0131, Edremit Kaymam\u0131 Y\u00fccel Erdem ve \u0130l Milli E\u011fitim M\u00fcd\u00fcr\u00fc Mehmet\u00a0Nurettin Aras, \u00f6\u011frencilere karnelerini verdi.<\/p>\n<p>S\u0131n\u0131flar\u0131 dola\u015fan, \u00f6\u011frenci ve \u00f6\u011fretmenlerle sohbet eden Balc\u0131, \u00f6\u011frencilere tatilde kitap okumalar\u0131 tavsiyesinde bulundu.<\/p>\n<p>5. s\u0131n\u0131f \u00f6\u011frencisi Menesa \u00d6zge ise &#8220;Ara tatilde ailemle vakit ge\u00e7irmeyi istiyorum. Sonra \u00f6devlerimi yap\u0131p, kitap okuyaca\u011f\u0131m. Birinci d\u00f6nem \u00e7ok iyi ge\u00e7ti, g\u00fczel vakit ge\u00e7irdik. Arkada\u015flar\u0131m\u0131 \u00f6zleyece\u011fim.&#8221; diye konu\u015ftu.<\/p>\n<p>Elif Buse Akarsu da tatilini ders \u00e7al\u0131\u015f\u0131p kitap okuyarak ge\u00e7irece\u011fini s\u00f6yledi.<\/p>\n<p>Hakkari<\/p>\n<p>Kent merkezindeki\u00a023 Nisan\u00a0\u0130lk ve Ortaokulu&#8217;nda d\u00fczenlenen t\u00f6rende Vali ve Belediye Ba\u015fkan Vekili Ali \u00c7elik, \u00f6\u011frencilerin karne heyecan\u0131na ortak oldu.<\/p>\n<p>S\u0131n\u0131flar\u0131 gezen \u00c7elik, \u00f6\u011frencilerle sohbet ederek karnelerini da\u011f\u0131tt\u0131, ba\u015far\u0131 temennisinde bulundu.<\/p>\n<p>Karne da\u011f\u0131t\u0131m\u0131n\u0131n ard\u0131ndan telekonferans y\u00f6ntemiyle il genelindeki \u00f6\u011fretmenlere hitap eden \u00c7elik, 438 e\u011fitim kurumunda 61 bine yak\u0131n \u00f6\u011frencinin yar\u0131y\u0131l\u0131 geride b\u0131rakt\u0131\u011f\u0131n\u0131 s\u00f6yledi.<\/p>\n<p>T\u00fcm \u00f6\u011fretmenlere emeklerinden dolay\u0131 te\u015fekk\u00fcr eden \u00c7elik, &#8220;\u00c7ocuklar\u0131m\u0131z\u0131n g\u00f6zlerindeki \u0131\u015f\u0131\u011f\u0131 hep beraber m\u00fc\u015fahede ettik. Bundan mutluluk duyduk. Bu mutlulu\u011fun sanat\u00e7\u0131lar\u0131, zanaatkarlar\u0131 sizlersiniz. Bu s\u00fcre\u00e7te dinlenme f\u0131rsat\u0131 bulacaks\u0131n\u0131z. Dinlenmi\u015f olarak ikinci d\u00f6neme de iyi ba\u015flayaca\u011f\u0131n\u0131za inan\u0131yorum. Hepinize iyi tatiller diliyorum.&#8221; diye konu\u015ftu.<\/p>\n<p>T\u00f6rene, Vali Yard\u0131mc\u0131s\u0131 Abdulkadir I\u015f\u0131k, \u0130l Milli E\u011fitim M\u00fcd\u00fcr\u00fc\u00a0Nurettin Y\u0131lmaz\u00a0ve \u015fube m\u00fcd\u00fcrleri de kat\u0131ld\u0131.<\/p>\n<p>Bitlis<\/p>\n<p>Kent genelinde 92 bin 521 \u00f6\u011frenci karne heyecan\u0131 ya\u015fad\u0131.<\/p>\n<p>TOK\u0130\u00a0Ahmet Eren\u00a0\u0130lkokulu&#8217;nda d\u00fczenlenen t\u00f6rene kat\u0131lan \u0130l Milli E\u011fitim M\u00fcd\u00fcr\u00fc Bilal G\u00fcr, s\u0131n\u0131flar\u0131 dola\u015ft\u0131, \u00f6\u011frencilerle bir araya geldi.<\/p>\n<p>G\u00fcr, il genelinde 7 bin 582 \u00f6\u011fretmen ve 92 bin 521 \u00f6\u011frencinin tatile girdi\u011fini s\u00f6yledi.<\/p>\n<p>\u00d6\u011frencilerin karne heyecan\u0131na ortak olduklar\u0131n\u0131 belirten G\u00fcr, \u015funlar\u0131 kaydetti:<\/p>\n<p>&#8220;\u00d6\u011fretmenlerimizin gayretleri, \u00e7ocuklar\u0131m\u0131z\u0131n g\u00f6zlerindeki \u0131\u015f\u0131lt\u0131, velilerimizin ilgisi bizleri mutlu etti. \u0130ste\u011fimiz, \u00e7ocuklar\u0131m\u0131z\u0131n bu dinlenme s\u00fcresi i\u00e7inde aileleriyle kaliteli zaman ge\u00e7irmeleri ve kitapla aralar\u0131na mesafe koymadan bu s\u00fcreci tamamlamalar\u0131d\u0131r. \u00c7ocuklar\u0131m\u0131z sadece karne notlar\u0131ndan ibaret de\u011fildir. E\u011fer ba\u015far\u0131 istiyorsak \u00e7ocuklarla iyi bir ileti\u015fim kurmam\u0131z, onlara destek olmam\u0131z gerekiyor.&#8221;<\/p>\n<p>Mu\u015f<\/p>\n<p>Mu\u015fta 104 bin 641 \u00f6\u011frenciye karneleri da\u011f\u0131t\u0131ld\u0131.<\/p>\n<p>Mu\u015f\u00a0Milli E\u011fitim M\u00fcd\u00fcrl\u00fc\u011f\u00fc\u00a0taraf\u0131ndan Vali Adil Yazar \u0130lkokulu&#8217;nda d\u00fczenlenen karne da\u011f\u0131t\u0131m t\u00f6renine kat\u0131lan Vali Avni \u00c7ak\u0131r, 2024-2025 e\u011fitim \u00f6\u011fretim y\u0131l\u0131n\u0131n ilk d\u00f6nemini tamamlad\u0131klar\u0131n\u0131 s\u00f6yledi.<\/p>\n<p>\u00d6\u011frencilerin karne heyecan\u0131na ortak olduklar\u0131n\u0131 ifade eden \u00c7ak\u0131r, \u015f\u00f6yle konu\u015ftu:<\/p>\n<p>&#8220;Mu\u015f&#8217;ta 6 bin 663 \u00f6\u011fretmenimiz g\u00f6rev yap\u0131yor. \u0130lk d\u00f6nem sorunsuz bir \u015fekilde tamamland\u0131. Biz de zaman zaman \u00f6\u011frencilerin g\u00fcnl\u00fck e\u011fitim faaliyetlerine e\u015flik ettik. Bug\u00fcn hem karnelerini verdik hem de bu tatil s\u00fcrecinde yapmalar\u0131 gerekenler konusunda nasihatlerde bulunduk. T\u00fcm \u00f6\u011frencilerimize, \u00f6\u011fretmenlerimize, velilerimize, e\u011fitim camias\u0131na bu sezonun hay\u0131rl\u0131 olmas\u0131n\u0131 diliyorum. \u00c7ocuklar\u0131m\u0131za da bundan sonraki e\u011fitim hayatlar\u0131nda ba\u015far\u0131lar diliyorum.&#8221;<\/p>\n<p>Karne da\u011f\u0131t\u0131m t\u00f6renine Mu\u015f Milli E\u011fitim M\u00fcd\u00fcr\u00fc Enver K\u0131van\u00e7 ve idareciler kat\u0131ld\u0131.<\/p>\n<p>&nbsp;<\/p>\n<p><strong>KAYNAK:SONDAK\u0130KA<\/strong><\/p>\n","protected":false},"excerpt":{"rendered":"<p>Van,\u00a0Hakkari,\u00a0Bitlis\u00a0ve\u00a0Mu\u015f&#8217;ta okullarda d\u00fczenlenen t\u00f6renlerle \u00f6\u011frencilere karneleri verildi. Van&#8217;da 1650 okulda 290 bin \u00f6\u011frenci karne heyecan\u0131 ya\u015fad\u0131. Edremit il\u00e7esindeki \u015eehit\u00a0Jandarma\u00a0Yarbay\u00a0Yusuf Turgut\u00a0\u0130lkokulu&#8217;nda karne da\u011f\u0131t\u0131m t\u00f6reni d\u00fczenlendi. T\u00f6rene kat\u0131lan Van Valisi Ozan\u00a0Balc\u0131, Edremit Kaymam\u0131 Y\u00fccel Erdem ve \u0130l Milli E\u011fitim M\u00fcd\u00fcr\u00fc Mehmet\u00a0Nurettin Aras, \u00f6\u011frencilere karnelerini verdi. S\u0131n\u0131flar\u0131 dola\u015fan, \u00f6\u011frenci ve \u00f6\u011fretmenlerle sohbet eden Balc\u0131, \u00f6\u011frencilere tatilde kitap okumalar\u0131 [&hellip;]<\/p>\n","protected":false},"author":1,"featured_media":2901,"comment_status":"open","ping_status":"closed","sticky":false,"template":"","format":"standard","meta":{"footnotes":""},"categories":[8,2300],"tags":[2321,2312,2432,2345,2347,835,1514],"class_list":["post-2900","post","type-post","status-publish","format-standard","has-post-thumbnail","hentry","category-gundem","category-haber","tag-bitlis","tag-hakkari","tag-karne","tag-mus","tag-van","tag-haber","tag-ogrenci"],"_links":{"self":[{"href":"https:\/\/doguhabertv.com\/index.php?rest_route=\/wp\/v2\/posts\/2900","targetHints":{"allow":["GET"]}}],"collection":[{"href":"https:\/\/doguhabertv.com\/index.php?rest_route=\/wp\/v2\/posts"}],"about":[{"href":"https:\/\/doguhabertv.com\/index.php?rest_route=\/wp\/v2\/types\/post"}],"author":[{"embeddable":true,"href":"https:\/\/doguhabertv.com\/index.php?rest_route=\/wp\/v2\/users\/1"}],"replies":[{"embeddable":true,"href":"https:\/\/doguhabertv.com\/index.php?rest_route=%2Fwp%2Fv2%2Fcomments&post=2900"}],"version-history":[{"count":1,"href":"https:\/\/doguhabertv.com\/index.php?rest_route=\/wp\/v2\/posts\/2900\/revisions"}],"predecessor-version":[{"id":2902,"href":"https:\/\/doguhabertv.com\/index.php?rest_route=\/wp\/v2\/posts\/2900\/revisions\/2902"}],"wp:featuredmedia":[{"embeddable":true,"href":"https:\/\/doguhabertv.com\/index.php?rest_route=\/wp\/v2\/media\/2901"}],"wp:attachment":[{"href":"https:\/\/doguhabertv.com\/index.php?rest_route=%2Fwp%2Fv2%2Fmedia&parent=2900"}],"wp:term":[{"taxonomy":"category","embeddable":true,"href":"https:\/\/doguhabertv.com\/index.php?rest_route=%2Fwp%2Fv2%2Fcategories&post=2900"},{"taxonomy":"post_tag","embeddable":true,"href":"https:\/\/doguhabertv.com\/index.php?rest_route=%2Fwp%2Fv2%2Ftags&post=2900"}],"curies":[{"name":"wp","href":"https:\/\/api.w.org\/{rel}","templated":true}]}}