{"id":2890,"date":"2025-01-15T14:47:47","date_gmt":"2025-01-15T14:47:47","guid":{"rendered":"https:\/\/doguhabertv.com\/?p=2890"},"modified":"2025-01-15T14:47:47","modified_gmt":"2025-01-15T14:47:47","slug":"kurt-saldirisi-sonrasi-yavru-kopeklere-biberonla-bakiyorlar","status":"publish","type":"post","link":"https:\/\/doguhabertv.com\/?p=2890","title":{"rendered":"Kurt Sald\u0131r\u0131s\u0131 Sonras\u0131 Yavru K\u00f6peklere Biberonla Bak\u0131yorlar"},"content":{"rendered":"<p>KARS&#8217;\u0131n G\u00f6ldal\u0131 k\u00f6y\u00fcnde Sevilay (55) ve\u00a0\u00d6mer Dumano\u011flu\u00a0(57) \u00e7ifti, kurt sald\u0131r\u0131s\u0131nda \u00f6len k\u00f6peklerinin 8 yavrusunu biberonla besliyor.<\/p>\n<p>Arpa\u00e7ay\u00a0il\u00e7esi G\u00f6ldal\u0131 k\u00f6y\u00fcnde ya\u015fayan 5 \u00e7ocuklu Sevilay-\u00d6mer Dumano\u011flu \u00e7iftinin k\u00f6pe\u011fi Maria, yakla\u015f\u0131k 20 g\u00fcn \u00f6nce 8 yavru d\u00fcnyaya getirdi. Dumano\u011flu ailesine ait evin samanl\u0131\u011f\u0131nda yavrular\u0131na bakan k\u00f6pek, kurt sald\u0131r\u0131s\u0131nda \u00f6ld\u00fc. \u00d6mer Dumano\u011flu, g\u00f6zleri bile a\u00e7\u0131lmayan yavrular i\u00e7in uygun bir bak\u0131mevi arad\u0131. Yuva bulamayan Dumano\u011flu \u00e7ifti, yavrulara kendileri bakmaya karar verdi. Kasa i\u00e7ine koyduklar\u0131 yavrular\u0131 ah\u0131ra alan \u00e7ift, bak\u0131mlar\u0131n\u0131 da \u00fcstlendi. \u0130neklerinden sa\u011fd\u0131klar\u0131 s\u00fct\u00fc suland\u0131r\u0131p biberona koyan \u00e7ift, yavrular\u0131 tek tek besliyor. Yavrulara bebek gibi bakan Dumano\u011flu \u00e7ifti, k\u00f6yl\u00fclerin de takdirini toplad\u0131.<\/p>\n<p>Ya\u015fananlar\u0131 anlatan \u00d6mer Dumano\u011flu, &#8220;Anne k\u00f6pek Maria, do\u011fum yapt\u0131ktan 1 hafta sonra kurt sald\u0131r\u0131s\u0131nda hayat\u0131n\u0131 kaybedince 8 yavrusu ortada kald\u0131.\u00a0Kars\u00a0ve \u00e7evresinde yuva arad\u0131m ama bulamad\u0131m. E\u015fimle birlikte bakmaya karar verdik. Ah\u0131ra ald\u0131\u011f\u0131m\u0131z yavrular\u0131, ineklerden sa\u011fd\u0131\u011f\u0131m\u0131z s\u00fct\u00fc, yavrular\u0131n sa\u011fl\u0131\u011f\u0131 i\u00e7in biraz suland\u0131rarak biberonla yediriyoruz. Biz 2 ki\u015fiydik, yavru k\u00f6peklerle n\u00fcfusumuz 10 oldu. 15 g\u00fcnd\u00fcr biberonla besliyoruz. Yavrular\u0131n g\u00f6zleri a\u00e7\u0131ld\u0131. Ancak bak\u0131mlar\u0131 i\u00e7in veteriner deste\u011fi gerekli. Bu konuda destek bekliyoruz. B\u00fct\u00fcn insanl\u0131\u011fa da \u00f6rnek olsun. \u0130nsanlar, insan\u0131 katlederken b\u00f6yle can ya\u015fatman\u0131n gururunu ya\u015f\u0131yoruz&#8221; diye konu\u015ftu.<\/p>\n<p>\u00d6nceleri yavrular i\u00e7in yuva arad\u0131klar\u0131n\u0131 ifade eden Dumano\u011flu, &#8220;Ama art\u0131k onlar\u0131 kimseye vermek istemiyoruz. Bak\u0131m konusunda yard\u0131mc\u0131 olan e\u015fim Sevilay han\u0131ma da te\u015fekk\u00fcr ediyorum&#8221; dedi.<\/p>\n<p><strong>KAYNAK:SONDAK\u0130KA<\/strong><\/p>\n","protected":false},"excerpt":{"rendered":"<p>KARS&#8217;\u0131n G\u00f6ldal\u0131 k\u00f6y\u00fcnde Sevilay (55) ve\u00a0\u00d6mer Dumano\u011flu\u00a0(57) \u00e7ifti, kurt sald\u0131r\u0131s\u0131nda \u00f6len k\u00f6peklerinin 8 yavrusunu biberonla besliyor. Arpa\u00e7ay\u00a0il\u00e7esi G\u00f6ldal\u0131 k\u00f6y\u00fcnde ya\u015fayan 5 \u00e7ocuklu Sevilay-\u00d6mer Dumano\u011flu \u00e7iftinin k\u00f6pe\u011fi Maria, yakla\u015f\u0131k 20 g\u00fcn \u00f6nce 8 yavru d\u00fcnyaya getirdi. Dumano\u011flu ailesine ait evin samanl\u0131\u011f\u0131nda yavrular\u0131na bakan k\u00f6pek, kurt sald\u0131r\u0131s\u0131nda \u00f6ld\u00fc. \u00d6mer Dumano\u011flu, g\u00f6zleri bile a\u00e7\u0131lmayan yavrular i\u00e7in uygun bir [&hellip;]<\/p>\n","protected":false},"author":1,"featured_media":2891,"comment_status":"open","ping_status":"closed","sticky":false,"template":"","format":"standard","meta":{"footnotes":""},"categories":[8,2300],"tags":[2334,2429,2428,223,835],"class_list":["post-2890","post","type-post","status-publish","format-standard","has-post-thumbnail","hentry","category-gundem","category-haber","tag-kars","tag-kopek","tag-kurtsaldirisi","tag-bakim","tag-haber"],"_links":{"self":[{"href":"https:\/\/doguhabertv.com\/index.php?rest_route=\/wp\/v2\/posts\/2890","targetHints":{"allow":["GET"]}}],"collection":[{"href":"https:\/\/doguhabertv.com\/index.php?rest_route=\/wp\/v2\/posts"}],"about":[{"href":"https:\/\/doguhabertv.com\/index.php?rest_route=\/wp\/v2\/types\/post"}],"author":[{"embeddable":true,"href":"https:\/\/doguhabertv.com\/index.php?rest_route=\/wp\/v2\/users\/1"}],"replies":[{"embeddable":true,"href":"https:\/\/doguhabertv.com\/index.php?rest_route=%2Fwp%2Fv2%2Fcomments&post=2890"}],"version-history":[{"count":1,"href":"https:\/\/doguhabertv.com\/index.php?rest_route=\/wp\/v2\/posts\/2890\/revisions"}],"predecessor-version":[{"id":2892,"href":"https:\/\/doguhabertv.com\/index.php?rest_route=\/wp\/v2\/posts\/2890\/revisions\/2892"}],"wp:featuredmedia":[{"embeddable":true,"href":"https:\/\/doguhabertv.com\/index.php?rest_route=\/wp\/v2\/media\/2891"}],"wp:attachment":[{"href":"https:\/\/doguhabertv.com\/index.php?rest_route=%2Fwp%2Fv2%2Fmedia&parent=2890"}],"wp:term":[{"taxonomy":"category","embeddable":true,"href":"https:\/\/doguhabertv.com\/index.php?rest_route=%2Fwp%2Fv2%2Fcategories&post=2890"},{"taxonomy":"post_tag","embeddable":true,"href":"https:\/\/doguhabertv.com\/index.php?rest_route=%2Fwp%2Fv2%2Ftags&post=2890"}],"curies":[{"name":"wp","href":"https:\/\/api.w.org\/{rel}","templated":true}]}}