{"id":2875,"date":"2025-01-14T16:02:01","date_gmt":"2025-01-14T16:02:01","guid":{"rendered":"https:\/\/doguhabertv.com\/?p=2875"},"modified":"2025-01-14T16:02:01","modified_gmt":"2025-01-14T16:02:01","slug":"enerji-verimliligi-haftasi-etkinlikleri","status":"publish","type":"post","link":"https:\/\/doguhabertv.com\/?p=2875","title":{"rendered":"Enerji Verimlili\u011fi Haftas\u0131 Etkinlikleri"},"content":{"rendered":"<p>Mu\u015f\u00a0ve\u00a0Hakkari&#8217;de\u00a0Enerji\u00a0Verimlili\u011fi Haftas\u0131 kapsam\u0131nda etkinlikler d\u00fczenlendi.<\/p>\n<p>VEDA\u015e Mu\u015f \u0130l M\u00fcd\u00fcrl\u00fc\u011f\u00fcnden yap\u0131lan a\u00e7\u0131klamaya g\u00f6re, 100. Y\u0131l Zafer \u0130lkokulunda \u00f6\u011frencilerle bulu\u015fan VEDA\u015e ekipleri, enerjinin verimli kullan\u0131lmas\u0131na y\u00f6nelik \u00f6\u011frencileri bilgilendirdi.<\/p>\n<p>VEDA\u015e \u0130l M\u00fcd\u00fcr\u00fc Suat Co\u015far, s\u00fcrd\u00fcr\u00fclebilir \u00e7evre ve enerjide d\u0131\u015fa ba\u011f\u0131ml\u0131l\u0131\u011f\u0131 azaltmak i\u00e7in enerjinin verimli kullan\u0131lmas\u0131n\u0131n stratejik \u00f6neme sahip oldu\u011funu s\u00f6yledi.<\/p>\n<p>\u00c7o\u015far, &#8220;\u0130lgi \u00e7ekici animasyon ve g\u00f6rsellerle i\u00e7eri\u011fini zenginle\u015ftirdi\u011fimiz sunumda enerjinin verimli ve tasarruflu kullan\u0131lmas\u0131na y\u00f6nelik ipu\u00e7lar\u0131n\u0131 \u00f6\u011frencilerimizle payla\u015ft\u0131k. Ard\u0131ndan \u00f6\u011frencilerimiz enerjinin verimli kullan\u0131ld\u0131\u011f\u0131 bir d\u00fcnyay\u0131 resmetti. \u00d6\u011frencilerimizin dikkati ve geri d\u00f6n\u00fc\u015fleri gelecek ad\u0131na bizi umutland\u0131rd\u0131.&#8221; dedi.<\/p>\n<p>Hakkari&#8217;de de VEDA\u015e taraf\u0131ndan \u00f6\u011frencilere y\u00f6nelik etkinlik ger\u00e7ekle\u015ftirildi.<\/p>\n<p>Bay K\u00f6y\u00fc \u0130lkokulunda d\u00fczenlenen etkinlikte konu\u015fan VEDA\u015e Hakkari \u0130l M\u00fcd\u00fcr\u00fc \u0130brahim Halil A\u011facano\u011flu, Enerji Verimlili\u011fi Haftas\u0131 kapsam\u0131nda \u00f6\u011frencilerle bulu\u015farak enerjinin verimli kullan\u0131lmas\u0131na y\u00f6nelik fark\u0131ndal\u0131k olu\u015fturmay\u0131 ama\u00e7lad\u0131klar\u0131n\u0131 ifade etti.<\/p>\n<p>Animasyon ve ilgi \u00e7ekici g\u00f6rsellerle olu\u015fturulan sunuma \u00f6\u011frencilerin ilgi g\u00f6sterdi\u011fini ifade eden A\u011facano\u011flu, &#8220;\u00d6\u011frencilerimiz, enerjinin verimli kullan\u0131ld\u0131\u011f\u0131 bir d\u00fcnya temal\u0131 resimler \u00e7izdi. Okulda bizi misafir eden \u00f6\u011fretmenlerinize te\u015fekk\u00fcr ederim.&#8221; diye konu\u015ftu.<\/p>\n<p>&nbsp;<\/p>\n<p><strong>KAYNAK:SONDAK\u0130KA<\/strong><\/p>\n","protected":false},"excerpt":{"rendered":"<p>Mu\u015f\u00a0ve\u00a0Hakkari&#8217;de\u00a0Enerji\u00a0Verimlili\u011fi Haftas\u0131 kapsam\u0131nda etkinlikler d\u00fczenlendi. VEDA\u015e Mu\u015f \u0130l M\u00fcd\u00fcrl\u00fc\u011f\u00fcnden yap\u0131lan a\u00e7\u0131klamaya g\u00f6re, 100. Y\u0131l Zafer \u0130lkokulunda \u00f6\u011frencilerle bulu\u015fan VEDA\u015e ekipleri, enerjinin verimli kullan\u0131lmas\u0131na y\u00f6nelik \u00f6\u011frencileri bilgilendirdi. VEDA\u015e \u0130l M\u00fcd\u00fcr\u00fc Suat Co\u015far, s\u00fcrd\u00fcr\u00fclebilir \u00e7evre ve enerjide d\u0131\u015fa ba\u011f\u0131ml\u0131l\u0131\u011f\u0131 azaltmak i\u00e7in enerjinin verimli kullan\u0131lmas\u0131n\u0131n stratejik \u00f6neme sahip oldu\u011funu s\u00f6yledi. \u00c7o\u015far, &#8220;\u0130lgi \u00e7ekici animasyon ve g\u00f6rsellerle i\u00e7eri\u011fini zenginle\u015ftirdi\u011fimiz [&hellip;]<\/p>\n","protected":false},"author":1,"featured_media":2876,"comment_status":"open","ping_status":"closed","sticky":false,"template":"","format":"standard","meta":{"footnotes":""},"categories":[8,2300],"tags":[2370,2420,615,835,841],"class_list":["post-2875","post","type-post","status-publish","format-standard","has-post-thumbnail","hentry","category-gundem","category-haber","tag-etkinlik","tag-verimlilik","tag-enerji","tag-haber","tag-haftasi"],"_links":{"self":[{"href":"https:\/\/doguhabertv.com\/index.php?rest_route=\/wp\/v2\/posts\/2875","targetHints":{"allow":["GET"]}}],"collection":[{"href":"https:\/\/doguhabertv.com\/index.php?rest_route=\/wp\/v2\/posts"}],"about":[{"href":"https:\/\/doguhabertv.com\/index.php?rest_route=\/wp\/v2\/types\/post"}],"author":[{"embeddable":true,"href":"https:\/\/doguhabertv.com\/index.php?rest_route=\/wp\/v2\/users\/1"}],"replies":[{"embeddable":true,"href":"https:\/\/doguhabertv.com\/index.php?rest_route=%2Fwp%2Fv2%2Fcomments&post=2875"}],"version-history":[{"count":1,"href":"https:\/\/doguhabertv.com\/index.php?rest_route=\/wp\/v2\/posts\/2875\/revisions"}],"predecessor-version":[{"id":2877,"href":"https:\/\/doguhabertv.com\/index.php?rest_route=\/wp\/v2\/posts\/2875\/revisions\/2877"}],"wp:featuredmedia":[{"embeddable":true,"href":"https:\/\/doguhabertv.com\/index.php?rest_route=\/wp\/v2\/media\/2876"}],"wp:attachment":[{"href":"https:\/\/doguhabertv.com\/index.php?rest_route=%2Fwp%2Fv2%2Fmedia&parent=2875"}],"wp:term":[{"taxonomy":"category","embeddable":true,"href":"https:\/\/doguhabertv.com\/index.php?rest_route=%2Fwp%2Fv2%2Fcategories&post=2875"},{"taxonomy":"post_tag","embeddable":true,"href":"https:\/\/doguhabertv.com\/index.php?rest_route=%2Fwp%2Fv2%2Ftags&post=2875"}],"curies":[{"name":"wp","href":"https:\/\/api.w.org\/{rel}","templated":true}]}}