{"id":2866,"date":"2025-01-14T15:58:20","date_gmt":"2025-01-14T15:58:20","guid":{"rendered":"https:\/\/doguhabertv.com\/?p=2866"},"modified":"2025-01-14T15:58:20","modified_gmt":"2025-01-14T15:58:20","slug":"bitliste-jeotermal-calistayi-yapildi","status":"publish","type":"post","link":"https:\/\/doguhabertv.com\/?p=2866","title":{"rendered":"Bitlis&#8217;te Jeotermal \u00c7al\u0131\u015ftay\u0131 Yap\u0131ld\u0131"},"content":{"rendered":"<p>Bitlis&#8217;te &#8216;Jeotermal \u00c7al\u0131\u015ftay\u0131&#8217; d\u00fczenlendi<\/p>\n<p>Bitlis Valisi\u00a0Ahmet Karakaya:<\/p>\n<p>&#8220;Bitlis ilimizin \u00e7ok \u00f6nemli kaynaklara sahip oldu\u011funu biliyoruz&#8221;<\/p>\n<p>B\u0130TL\u0130S \u2013 Bitlis Valisi Ahmet Karakaya, Bitlis&#8217;in \u00e7ok \u00f6nemli kaynaklara sahip oldu\u011funu belirterek, &#8220;Jeotermal kaynaklar\u0131; enerji, tar\u0131m ve turizmde kullanmak amac\u0131yla \u00f6ncelikle kaynaklar\u0131n aranmas\u0131, ard\u0131ndan bu alanlarda de\u011ferlendirilmesi gerekti\u011fine inan\u0131yoruz&#8221; dedi.<\/p>\n<p>Bitlis Valili\u011fi\u00a0himayesinde Bitlis\u00a0Eren \u00dcniversitesi\u00a0ev sahipli\u011finde ve Jeopark Derne\u011fi i\u015fbirli\u011fiyle d\u00fczenlenen &#8221;\u00a0Enerji,\u00a0Tar\u0131m,\u00a0Turizm\u00a0ve Sa\u011fl\u0131k Perspektifinden Bir Bak\u0131\u015f&#8221; ba\u015fl\u0131\u011f\u0131yla d\u00fczenlenen &#8220;Jeotermal \u00c7al\u0131\u015ftay\u0131&#8221;, Bitlis Eren \u00dcniversitesi \u0130ktisadi ve \u0130dari Bilimler Fak\u00fcltesinin konferans salonunda ba\u015flad\u0131. Sayg\u0131 duru\u015fu ve \u0130stiklal Mar\u015f\u0131&#8217;n\u0131n okunmas\u0131yla ba\u015flayan program\u0131n a\u00e7\u0131l\u0131\u015f\u0131nda konu\u015fan Bitlis Valisi Ahmet Karakaya, Bitlis&#8217;in do\u011fal zenginliklerine dikkat \u00e7ekerek, &#8220;Bitlis ilimizin \u00e7ok \u00f6nemli kaynaklara sahip oldu\u011funu biliyoruz. Bu \u00f6nemli kaynaklardan biri de jeotermal kaynaklard\u0131r. Jeotermal kaynaklar\u0131; enerji, tar\u0131m ve turizmde kullanmak amac\u0131yla \u00f6ncelikle kaynaklar\u0131n aranmas\u0131, ard\u0131ndan bu alanlarda de\u011ferlendirilmesi gerekti\u011fine inan\u0131yoruz. Bu s\u00fcre\u00e7, hem \u00fclkemizin hem de \u015fehrimizin ekonomisine ve sosyal hayat\u0131na ciddi bir katma de\u011fer sa\u011flayacakt\u0131r. Bu do\u011frultuda bir \u00e7al\u0131\u015ftay d\u00fczenledik. Bitlis Valili\u011fi ve Bitlis Eren \u00dcniversitesi olarak de\u011ferli hocalar\u0131m\u0131z\u0131n katk\u0131lar\u0131yla bu \u00e7al\u0131\u015ftayda \u015fehrimizin potansiyelini ortaya \u00e7\u0131karmay\u0131 ve kullan\u0131m alanlar\u0131n\u0131 de\u011ferlendirmeyi hedefliyoruz&#8221; dedi.<\/p>\n<p>Bitlis Eren \u00dcniversitesi Rekt\u00f6r\u00fc Dr. Necmettin Elmasta\u015f ise \u00fcniversitenin ev sahipli\u011finde d\u00fczenlenen \u00e7al\u0131\u015ftay\u0131n \u00f6nemine vurgu yaparak, &#8220;Bug\u00fcn \u00f6nemli \u00e7al\u0131\u015ftaya ev sahipli\u011fi yap\u0131yoruz. Bitlis Valili\u011finin \u00f6nc\u00fcl\u00fc\u011f\u00fcnde, \u00fcniversitemizin ev sahipli\u011finde bu \u00e7al\u0131\u015ftay\u0131 ger\u00e7ekle\u015ftiriyoruz. Bitlis; tarihi, k\u00fclt\u00fcrel ve do\u011fal kaynaklar a\u00e7\u0131s\u0131ndan olduk\u00e7a zengin bir b\u00f6lge. Jeotermal kaynaklar a\u00e7\u0131s\u0131ndan da b\u00f6lge, \u00f6nemli bir potansiyele sahip. \u00d6zellikle\u00a0G\u00fcroymak,\u00a0Nemrut\u00a0Volkan\u0131 ve \u00e7evresinde s\u0131cak su kaynaklar\u0131 bulunuyor. Bu kaynaklar\u0131n mutlaka de\u011ferlendirilmesi gerekiyor. Daha \u00f6nce yap\u0131lan \u00e7al\u0131\u015fmalarda yer alt\u0131 s\u0131cak su kaynaklar\u0131na dair \u00f6nemli veriler elde edildi. \u015eimdi bunlar\u0131n yeniden incelenmesi ve g\u00fcn y\u00fcz\u00fcne \u00e7\u0131kar\u0131lmas\u0131 gerekiyor. \u00dcniversitemiz, bir y\u0131l \u00f6nce turizm alan\u0131nda ihtisas \u00fcniversitesi ilan edildi.\u00a0Kapl\u0131ca\u00a0turizmi ve jeotermal kaynaklar\u0131n kullan\u0131m\u0131 konusundaki bu \u00e7al\u0131\u015ftay, bizim i\u00e7in b\u00fcy\u00fck \u00f6nem ta\u015f\u0131yor. Buradan hareketle baz\u0131 projeler geli\u015ftirmeye ba\u015flad\u0131k. Bu \u00e7al\u0131\u015ftay\u0131n, yeni projelerin ortaya \u00e7\u0131kmas\u0131na vesile olaca\u011f\u0131na inan\u0131yorum. De\u011ferli akademisyenlerimiz ve sekt\u00f6r temsilcilerimizin katk\u0131lar\u0131yla g\u00fczel sonu\u00e7lar elde edece\u011fiz&#8221; ifadelerini kulland\u0131.<\/p>\n<p>Yap\u0131lan konu\u015fmalar\u0131n ard\u0131ndan kat\u0131l\u0131mc\u0131lar taraf\u0131ndan sunum yap\u0131ld\u0131. \u00c7al\u0131\u015ftay\u0131n ikinci oturumu ise Bitlis Eren \u00dcniversitesi Yahya Eren Konukevi&#8217;nde sekt\u00f6rel raporlar\u0131n de\u011ferlendirilmesiyle sona erdi.<\/p>\n<p><strong>KAYNAK:SONDAK\u0130KA<\/strong><\/p>\n","protected":false},"excerpt":{"rendered":"<p>Bitlis&#8217;te &#8216;Jeotermal \u00c7al\u0131\u015ftay\u0131&#8217; d\u00fczenlendi Bitlis Valisi\u00a0Ahmet Karakaya: &#8220;Bitlis ilimizin \u00e7ok \u00f6nemli kaynaklara sahip oldu\u011funu biliyoruz&#8221; B\u0130TL\u0130S \u2013 Bitlis Valisi Ahmet Karakaya, Bitlis&#8217;in \u00e7ok \u00f6nemli kaynaklara sahip oldu\u011funu belirterek, &#8220;Jeotermal kaynaklar\u0131; enerji, tar\u0131m ve turizmde kullanmak amac\u0131yla \u00f6ncelikle kaynaklar\u0131n aranmas\u0131, ard\u0131ndan bu alanlarda de\u011ferlendirilmesi gerekti\u011fine inan\u0131yoruz&#8221; dedi. Bitlis Valili\u011fi\u00a0himayesinde Bitlis\u00a0Eren \u00dcniversitesi\u00a0ev sahipli\u011finde ve Jeopark Derne\u011fi i\u015fbirli\u011fiyle [&hellip;]<\/p>\n","protected":false},"author":1,"featured_media":2867,"comment_status":"open","ping_status":"closed","sticky":false,"template":"","format":"standard","meta":{"footnotes":""},"categories":[8,2300],"tags":[2321,2418,2417,835],"class_list":["post-2866","post","type-post","status-publish","format-standard","has-post-thumbnail","hentry","category-gundem","category-haber","tag-bitlis","tag-calistay","tag-jeotermal","tag-haber"],"_links":{"self":[{"href":"https:\/\/doguhabertv.com\/index.php?rest_route=\/wp\/v2\/posts\/2866","targetHints":{"allow":["GET"]}}],"collection":[{"href":"https:\/\/doguhabertv.com\/index.php?rest_route=\/wp\/v2\/posts"}],"about":[{"href":"https:\/\/doguhabertv.com\/index.php?rest_route=\/wp\/v2\/types\/post"}],"author":[{"embeddable":true,"href":"https:\/\/doguhabertv.com\/index.php?rest_route=\/wp\/v2\/users\/1"}],"replies":[{"embeddable":true,"href":"https:\/\/doguhabertv.com\/index.php?rest_route=%2Fwp%2Fv2%2Fcomments&post=2866"}],"version-history":[{"count":1,"href":"https:\/\/doguhabertv.com\/index.php?rest_route=\/wp\/v2\/posts\/2866\/revisions"}],"predecessor-version":[{"id":2868,"href":"https:\/\/doguhabertv.com\/index.php?rest_route=\/wp\/v2\/posts\/2866\/revisions\/2868"}],"wp:featuredmedia":[{"embeddable":true,"href":"https:\/\/doguhabertv.com\/index.php?rest_route=\/wp\/v2\/media\/2867"}],"wp:attachment":[{"href":"https:\/\/doguhabertv.com\/index.php?rest_route=%2Fwp%2Fv2%2Fmedia&parent=2866"}],"wp:term":[{"taxonomy":"category","embeddable":true,"href":"https:\/\/doguhabertv.com\/index.php?rest_route=%2Fwp%2Fv2%2Fcategories&post=2866"},{"taxonomy":"post_tag","embeddable":true,"href":"https:\/\/doguhabertv.com\/index.php?rest_route=%2Fwp%2Fv2%2Ftags&post=2866"}],"curies":[{"name":"wp","href":"https:\/\/api.w.org\/{rel}","templated":true}]}}