{"id":2839,"date":"2025-01-13T15:03:11","date_gmt":"2025-01-13T15:03:11","guid":{"rendered":"https:\/\/doguhabertv.com\/?p=2839"},"modified":"2025-01-13T15:03:11","modified_gmt":"2025-01-13T15:03:11","slug":"siverekte-silahli-kavga-2-yarali","status":"publish","type":"post","link":"https:\/\/doguhabertv.com\/?p=2839","title":{"rendered":"Siverek&#8217;te Silahl\u0131 Kavga: 2 Yaral\u0131"},"content":{"rendered":"<p>\u015eanl\u0131urfa&#8217;n\u0131n\u00a0Siverek\u00a0il\u00e7esinde \u00e7\u0131kan silahl\u0131 kavgada, 2 ki\u015fi yaraland\u0131.<\/p>\n<p>Kale Mahallesi&#8217;nde iki grup aras\u0131nda hen\u00fcz belirlenemeyen nedenle ba\u015flayan tart\u0131\u015fma silahl\u0131 kavgaya d\u00f6n\u00fc\u015ft\u00fc.<\/p>\n<p>Kavgada kim taraf\u0131ndan ate\u015flendi\u011fi belirlenemeyen silahtan \u00e7\u0131kan mermiler, Bayram \u0130l (25) ve Z\u00fcbeyir \u0130di\u011f&#8217;e (23) isabet etti.<\/p>\n<p>\u0130hbarla b\u00f6lgeye sa\u011fl\u0131k ve polis ekipleri y\u00f6nlendirildi.<\/p>\n<p>Yaralanan 2 ki\u015fi sa\u011fl\u0131k ekiplerince Siverek Devlet Hastanesine kald\u0131r\u0131ld\u0131.<\/p>\n<p><strong>KAYNAK:SONDAK\u0130KA<\/strong><\/p>\n","protected":false},"excerpt":{"rendered":"<p>\u015eanl\u0131urfa&#8217;n\u0131n\u00a0Siverek\u00a0il\u00e7esinde \u00e7\u0131kan silahl\u0131 kavgada, 2 ki\u015fi yaraland\u0131. Kale Mahallesi&#8217;nde iki grup aras\u0131nda hen\u00fcz belirlenemeyen nedenle ba\u015flayan tart\u0131\u015fma silahl\u0131 kavgaya d\u00f6n\u00fc\u015ft\u00fc. Kavgada kim taraf\u0131ndan ate\u015flendi\u011fi belirlenemeyen silahtan \u00e7\u0131kan mermiler, Bayram \u0130l (25) ve Z\u00fcbeyir \u0130di\u011f&#8217;e (23) isabet etti. \u0130hbarla b\u00f6lgeye sa\u011fl\u0131k ve polis ekipleri y\u00f6nlendirildi. Yaralanan 2 ki\u015fi sa\u011fl\u0131k ekiplerince Siverek Devlet Hastanesine kald\u0131r\u0131ld\u0131. KAYNAK:SONDAK\u0130KA<\/p>\n","protected":false},"author":1,"featured_media":2840,"comment_status":"open","ping_status":"closed","sticky":false,"template":"","format":"standard","meta":{"footnotes":""},"categories":[8,2300],"tags":[2416,2299,835,866,1125,1868],"class_list":["post-2839","post","type-post","status-publish","format-standard","has-post-thumbnail","hentry","category-gundem","category-haber","tag-siverek","tag-yarali","tag-haber","tag-hastane","tag-kavga","tag-silah"],"_links":{"self":[{"href":"https:\/\/doguhabertv.com\/index.php?rest_route=\/wp\/v2\/posts\/2839","targetHints":{"allow":["GET"]}}],"collection":[{"href":"https:\/\/doguhabertv.com\/index.php?rest_route=\/wp\/v2\/posts"}],"about":[{"href":"https:\/\/doguhabertv.com\/index.php?rest_route=\/wp\/v2\/types\/post"}],"author":[{"embeddable":true,"href":"https:\/\/doguhabertv.com\/index.php?rest_route=\/wp\/v2\/users\/1"}],"replies":[{"embeddable":true,"href":"https:\/\/doguhabertv.com\/index.php?rest_route=%2Fwp%2Fv2%2Fcomments&post=2839"}],"version-history":[{"count":1,"href":"https:\/\/doguhabertv.com\/index.php?rest_route=\/wp\/v2\/posts\/2839\/revisions"}],"predecessor-version":[{"id":2841,"href":"https:\/\/doguhabertv.com\/index.php?rest_route=\/wp\/v2\/posts\/2839\/revisions\/2841"}],"wp:featuredmedia":[{"embeddable":true,"href":"https:\/\/doguhabertv.com\/index.php?rest_route=\/wp\/v2\/media\/2840"}],"wp:attachment":[{"href":"https:\/\/doguhabertv.com\/index.php?rest_route=%2Fwp%2Fv2%2Fmedia&parent=2839"}],"wp:term":[{"taxonomy":"category","embeddable":true,"href":"https:\/\/doguhabertv.com\/index.php?rest_route=%2Fwp%2Fv2%2Fcategories&post=2839"},{"taxonomy":"post_tag","embeddable":true,"href":"https:\/\/doguhabertv.com\/index.php?rest_route=%2Fwp%2Fv2%2Ftags&post=2839"}],"curies":[{"name":"wp","href":"https:\/\/api.w.org\/{rel}","templated":true}]}}