{"id":2836,"date":"2025-01-13T15:02:00","date_gmt":"2025-01-13T15:02:00","guid":{"rendered":"https:\/\/doguhabertv.com\/?p=2836"},"modified":"2025-01-13T15:02:00","modified_gmt":"2025-01-13T15:02:00","slug":"adiyamanda-trafik-kazasi-2-yarali","status":"publish","type":"post","link":"https:\/\/doguhabertv.com\/?p=2836","title":{"rendered":"Ad\u0131yaman&#8217;da Trafik Kazas\u0131: 2 Yaral\u0131"},"content":{"rendered":"<p>Ad\u0131yaman&#8217;da, otomobil ile trakt\u00f6r\u00fcn \u00e7arp\u0131\u015fmas\u0131 sonucu meydana gelen kazada 2 ki\u015fi yaraland\u0131.<\/p>\n<p>Edinilen bilgilere g\u00f6re, Abdurrahman\u00a0G\u00f6ksu\u00a0idaresindeki 02 ADV 801 plakal\u0131 trakt\u00f6r ile Nedim F\u0131rat idaresindeki 02 FH 174 plakal\u0131 otomobil, Ad\u0131yaman-\u00a0\u015eanl\u0131urfa\u00a0karayolu Akp\u0131nar K\u00f6y\u00fc yak\u0131nlar\u0131nda \u00e7arp\u0131\u015ft\u0131. Meydana gelen kazada otomobil s\u00fcr\u00fcc\u00fcs\u00fc Nedim F\u0131rat ile otomobilde bulunan Hazal F\u0131rat yaraland\u0131.\u00a0Kaza\u00a0yerine sa\u011fl\u0131k ekipleri,\u00a0AFAD\u00a0ekipleri ve jandarma ekipleri sevk edildi. Olay yerine gelen ekipler taraf\u0131ndan ilk m\u00fcdahaleleri yap\u0131lan yaral\u0131lar,\u00a0Ad\u0131yaman E\u011fitim ve Ara\u015ft\u0131rma Hastanesi&#8217;ne kald\u0131r\u0131ld\u0131.<\/p>\n<div id=\"inpage_desktop\">\n<div>\n<div data-type=\"_mgwidget\" data-widget-id=\"1715779\"><\/div>\n<\/div>\n<\/div>\n<p>Kazayla ilgili soru\u015fturma ba\u015flat\u0131ld\u0131.<\/p>\n<p><strong>KAYNAK:SONDAK\u0130KA<\/strong><\/p>\n","protected":false},"excerpt":{"rendered":"<p>Ad\u0131yaman&#8217;da, otomobil ile trakt\u00f6r\u00fcn \u00e7arp\u0131\u015fmas\u0131 sonucu meydana gelen kazada 2 ki\u015fi yaraland\u0131. Edinilen bilgilere g\u00f6re, Abdurrahman\u00a0G\u00f6ksu\u00a0idaresindeki 02 ADV 801 plakal\u0131 trakt\u00f6r ile Nedim F\u0131rat idaresindeki 02 FH 174 plakal\u0131 otomobil, Ad\u0131yaman-\u00a0\u015eanl\u0131urfa\u00a0karayolu Akp\u0131nar K\u00f6y\u00fc yak\u0131nlar\u0131nda \u00e7arp\u0131\u015ft\u0131. Meydana gelen kazada otomobil s\u00fcr\u00fcc\u00fcs\u00fc Nedim F\u0131rat ile otomobilde bulunan Hazal F\u0131rat yaraland\u0131.\u00a0Kaza\u00a0yerine sa\u011fl\u0131k ekipleri,\u00a0AFAD\u00a0ekipleri ve jandarma ekipleri sevk edildi. [&hellip;]<\/p>\n","protected":false},"author":1,"featured_media":2837,"comment_status":"open","ping_status":"closed","sticky":false,"template":"","format":"standard","meta":{"footnotes":""},"categories":[8,2300],"tags":[2415,2299,46,835,1135],"class_list":["post-2836","post","type-post","status-publish","format-standard","has-post-thumbnail","hentry","category-gundem","category-haber","tag-trafrik","tag-yarali","tag-adiyaman","tag-haber","tag-kaza"],"_links":{"self":[{"href":"https:\/\/doguhabertv.com\/index.php?rest_route=\/wp\/v2\/posts\/2836","targetHints":{"allow":["GET"]}}],"collection":[{"href":"https:\/\/doguhabertv.com\/index.php?rest_route=\/wp\/v2\/posts"}],"about":[{"href":"https:\/\/doguhabertv.com\/index.php?rest_route=\/wp\/v2\/types\/post"}],"author":[{"embeddable":true,"href":"https:\/\/doguhabertv.com\/index.php?rest_route=\/wp\/v2\/users\/1"}],"replies":[{"embeddable":true,"href":"https:\/\/doguhabertv.com\/index.php?rest_route=%2Fwp%2Fv2%2Fcomments&post=2836"}],"version-history":[{"count":1,"href":"https:\/\/doguhabertv.com\/index.php?rest_route=\/wp\/v2\/posts\/2836\/revisions"}],"predecessor-version":[{"id":2838,"href":"https:\/\/doguhabertv.com\/index.php?rest_route=\/wp\/v2\/posts\/2836\/revisions\/2838"}],"wp:featuredmedia":[{"embeddable":true,"href":"https:\/\/doguhabertv.com\/index.php?rest_route=\/wp\/v2\/media\/2837"}],"wp:attachment":[{"href":"https:\/\/doguhabertv.com\/index.php?rest_route=%2Fwp%2Fv2%2Fmedia&parent=2836"}],"wp:term":[{"taxonomy":"category","embeddable":true,"href":"https:\/\/doguhabertv.com\/index.php?rest_route=%2Fwp%2Fv2%2Fcategories&post=2836"},{"taxonomy":"post_tag","embeddable":true,"href":"https:\/\/doguhabertv.com\/index.php?rest_route=%2Fwp%2Fv2%2Ftags&post=2836"}],"curies":[{"name":"wp","href":"https:\/\/api.w.org\/{rel}","templated":true}]}}