{"id":2826,"date":"2025-01-13T14:55:34","date_gmt":"2025-01-13T14:55:34","guid":{"rendered":"https:\/\/doguhabertv.com\/?p=2826"},"modified":"2025-01-13T14:55:34","modified_gmt":"2025-01-13T14:55:34","slug":"orduda-yayaya-carpan-otomobilde-3-yarali","status":"publish","type":"post","link":"https:\/\/doguhabertv.com\/?p=2826","title":{"rendered":"Ordu&#8217;da Yayaya \u00c7arpan Otomobilde 3 Yaral\u0131"},"content":{"rendered":"<p>ORDU&#8217;nun\u00a0Alt\u0131nordu\u00a0il\u00e7esinde otomobil yayaya \u00e7arpt\u0131. Kazada yaya ile ara\u00e7taki 2 ki\u015fi yaraland\u0131.<\/p>\n<p>Kaza, saat 12.00 s\u0131ralar\u0131nda Alt\u0131nordu il\u00e7esi \u015eahincili Mahallesi Z\u00fcbeyde Han\u0131m Caddesi&#8217;nde meydana geldi. Ali\u00a0\u00c7orlu\u00a0y\u00f6netimindeki 52 AEA 551 plakal\u0131 otomobil, yolun kar\u015f\u0131s\u0131na ge\u00e7meye \u00e7al\u0131\u015fan Muhteber K\u0131rba\u015f&#8217;a (75) \u00e7arpt\u0131. Kazada, Muhteber K\u0131rba\u015f ile otomobildeki s\u00fcr\u00fcc\u00fcn\u00fcn annesi Katibe \u00c7orlu ve o\u011flu Yusuf Emir \u00c7orlu yaraland\u0131. Yaral\u0131lar, kaza yerine sevk edilen ambulanslarla kentteki hastanelere kald\u0131r\u0131ld\u0131. Yaral\u0131lardan Muhteber K\u0131rba\u015f&#8217;\u0131n durumunun a\u011f\u0131r oldu\u011fu bildirildi.<\/p>\n<div id=\"inpage_desktop\"><\/div>\n<p>Kazaya ili\u015fkin soru\u015fturma ba\u015flat\u0131ld\u0131.<\/p>\n<p><strong>KAYNAK:SONDAK\u0130KA<\/strong><\/p>\n","protected":false},"excerpt":{"rendered":"<p>ORDU&#8217;nun\u00a0Alt\u0131nordu\u00a0il\u00e7esinde otomobil yayaya \u00e7arpt\u0131. Kazada yaya ile ara\u00e7taki 2 ki\u015fi yaraland\u0131. Kaza, saat 12.00 s\u0131ralar\u0131nda Alt\u0131nordu il\u00e7esi \u015eahincili Mahallesi Z\u00fcbeyde Han\u0131m Caddesi&#8217;nde meydana geldi. Ali\u00a0\u00c7orlu\u00a0y\u00f6netimindeki 52 AEA 551 plakal\u0131 otomobil, yolun kar\u015f\u0131s\u0131na ge\u00e7meye \u00e7al\u0131\u015fan Muhteber K\u0131rba\u015f&#8217;a (75) \u00e7arpt\u0131. Kazada, Muhteber K\u0131rba\u015f ile otomobildeki s\u00fcr\u00fcc\u00fcn\u00fcn annesi Katibe \u00c7orlu ve o\u011flu Yusuf Emir \u00c7orlu yaraland\u0131. Yaral\u0131lar, kaza [&hellip;]<\/p>\n","protected":false},"author":1,"featured_media":2827,"comment_status":"open","ping_status":"closed","sticky":false,"template":"","format":"standard","meta":{"footnotes":""},"categories":[8,2300],"tags":[2299,835,1135,1555,1570],"class_list":["post-2826","post","type-post","status-publish","format-standard","has-post-thumbnail","hentry","category-gundem","category-haber","tag-yarali","tag-haber","tag-kaza","tag-ordu","tag-otomobil"],"_links":{"self":[{"href":"https:\/\/doguhabertv.com\/index.php?rest_route=\/wp\/v2\/posts\/2826","targetHints":{"allow":["GET"]}}],"collection":[{"href":"https:\/\/doguhabertv.com\/index.php?rest_route=\/wp\/v2\/posts"}],"about":[{"href":"https:\/\/doguhabertv.com\/index.php?rest_route=\/wp\/v2\/types\/post"}],"author":[{"embeddable":true,"href":"https:\/\/doguhabertv.com\/index.php?rest_route=\/wp\/v2\/users\/1"}],"replies":[{"embeddable":true,"href":"https:\/\/doguhabertv.com\/index.php?rest_route=%2Fwp%2Fv2%2Fcomments&post=2826"}],"version-history":[{"count":1,"href":"https:\/\/doguhabertv.com\/index.php?rest_route=\/wp\/v2\/posts\/2826\/revisions"}],"predecessor-version":[{"id":2828,"href":"https:\/\/doguhabertv.com\/index.php?rest_route=\/wp\/v2\/posts\/2826\/revisions\/2828"}],"wp:featuredmedia":[{"embeddable":true,"href":"https:\/\/doguhabertv.com\/index.php?rest_route=\/wp\/v2\/media\/2827"}],"wp:attachment":[{"href":"https:\/\/doguhabertv.com\/index.php?rest_route=%2Fwp%2Fv2%2Fmedia&parent=2826"}],"wp:term":[{"taxonomy":"category","embeddable":true,"href":"https:\/\/doguhabertv.com\/index.php?rest_route=%2Fwp%2Fv2%2Fcategories&post=2826"},{"taxonomy":"post_tag","embeddable":true,"href":"https:\/\/doguhabertv.com\/index.php?rest_route=%2Fwp%2Fv2%2Ftags&post=2826"}],"curies":[{"name":"wp","href":"https:\/\/api.w.org\/{rel}","templated":true}]}}