{"id":2823,"date":"2025-01-13T14:54:20","date_gmt":"2025-01-13T14:54:20","guid":{"rendered":"https:\/\/doguhabertv.com\/?p=2823"},"modified":"2025-01-13T14:54:20","modified_gmt":"2025-01-13T14:54:20","slug":"hakkaride-86-sahis-yakalandi","status":"publish","type":"post","link":"https:\/\/doguhabertv.com\/?p=2823","title":{"rendered":"Hakkari&#8217;de 86 \u015eah\u0131s Yakaland\u0131"},"content":{"rendered":"<p>HAKKAR\u0130 (\u0130HA) \u2013\u00a0Hakkari\u00a0Valisi\u00a0Ali \u00c7elik, \u00e7e\u015fitli su\u00e7lardan aranma kayd\u0131 bulunan 86 \u015fahs\u0131n yakaland\u0131\u011f\u0131n\u0131 s\u00f6yledi.<\/p>\n<p>Vali Ali \u00c7elik ba\u015fkanl\u0131\u011f\u0131nda; \u0130l\u00a0Jandarma\u00a0Komutan\u0131\u00a0Tu\u011fgeneral\u00a0Necip \u00c7ar\u0131kc\u0131o\u011flu, \u0130l Emniyet M\u00fcd\u00fcr\u00fc\u00a0\u0130dris Y\u0131lmaz\u00a0ve birim amirlerinin kat\u0131l\u0131mlar\u0131yla asayi\u015f toplant\u0131s\u0131 ger\u00e7ekle\u015ftirildi. Toplant\u0131da 1 &#8211; 11 Ocak tarihleri aras\u0131nda meydana gelen olaylar\u0131n bir \u00f6nceki y\u0131l\u0131n ayn\u0131 d\u00f6nemine oranla analizini i\u00e7eren brifingler incelenerek; il geneli asayi\u015f olaylar\u0131n\u0131n y\u00fczde 8,, doland\u0131r\u0131c\u0131l\u0131k olaylar\u0131n\u0131n y\u00fczde 40,\u00a0trafik\u00a0kazalar\u0131n\u0131n ise y\u00fczde 35 oran\u0131nda azald\u0131\u011f\u0131, narkotik su\u00e7lar\u0131n\u0131n ortaya \u00e7\u0131kart\u0131lmas\u0131 i\u00e7in yap\u0131lan ba\u015far\u0131l\u0131 operasyonlar\u0131n y\u00fczde 5 oran\u0131nda artt\u0131\u011f\u0131, ayr\u0131ca 10 g\u00fcnl\u00fck d\u00f6nem i\u00e7erisinde \u00e7e\u015fitli su\u00e7lardan aranma kayd\u0131 bulunan 86 \u015fahs\u0131n yakaland\u0131\u011f\u0131 belirtildi.<\/p>\n<p>&nbsp;<\/p>\n<p><strong>KAYNAK:SONDAK\u0130KA<\/strong><\/p>\n","protected":false},"excerpt":{"rendered":"<p>HAKKAR\u0130 (\u0130HA) \u2013\u00a0Hakkari\u00a0Valisi\u00a0Ali \u00c7elik, \u00e7e\u015fitli su\u00e7lardan aranma kayd\u0131 bulunan 86 \u015fahs\u0131n yakaland\u0131\u011f\u0131n\u0131 s\u00f6yledi. Vali Ali \u00c7elik ba\u015fkanl\u0131\u011f\u0131nda; \u0130l\u00a0Jandarma\u00a0Komutan\u0131\u00a0Tu\u011fgeneral\u00a0Necip \u00c7ar\u0131kc\u0131o\u011flu, \u0130l Emniyet M\u00fcd\u00fcr\u00fc\u00a0\u0130dris Y\u0131lmaz\u00a0ve birim amirlerinin kat\u0131l\u0131mlar\u0131yla asayi\u015f toplant\u0131s\u0131 ger\u00e7ekle\u015ftirildi. Toplant\u0131da 1 &#8211; 11 Ocak tarihleri aras\u0131nda meydana gelen olaylar\u0131n bir \u00f6nceki y\u0131l\u0131n ayn\u0131 d\u00f6nemine oranla analizini i\u00e7eren brifingler incelenerek; il geneli asayi\u015f olaylar\u0131n\u0131n y\u00fczde 8,, [&hellip;]<\/p>\n","protected":false},"author":1,"featured_media":2824,"comment_status":"open","ping_status":"closed","sticky":false,"template":"","format":"standard","meta":{"footnotes":""},"categories":[8,2300],"tags":[2312,2320,835],"class_list":["post-2823","post","type-post","status-publish","format-standard","has-post-thumbnail","hentry","category-gundem","category-haber","tag-hakkari","tag-yakalanma","tag-haber"],"_links":{"self":[{"href":"https:\/\/doguhabertv.com\/index.php?rest_route=\/wp\/v2\/posts\/2823","targetHints":{"allow":["GET"]}}],"collection":[{"href":"https:\/\/doguhabertv.com\/index.php?rest_route=\/wp\/v2\/posts"}],"about":[{"href":"https:\/\/doguhabertv.com\/index.php?rest_route=\/wp\/v2\/types\/post"}],"author":[{"embeddable":true,"href":"https:\/\/doguhabertv.com\/index.php?rest_route=\/wp\/v2\/users\/1"}],"replies":[{"embeddable":true,"href":"https:\/\/doguhabertv.com\/index.php?rest_route=%2Fwp%2Fv2%2Fcomments&post=2823"}],"version-history":[{"count":1,"href":"https:\/\/doguhabertv.com\/index.php?rest_route=\/wp\/v2\/posts\/2823\/revisions"}],"predecessor-version":[{"id":2825,"href":"https:\/\/doguhabertv.com\/index.php?rest_route=\/wp\/v2\/posts\/2823\/revisions\/2825"}],"wp:featuredmedia":[{"embeddable":true,"href":"https:\/\/doguhabertv.com\/index.php?rest_route=\/wp\/v2\/media\/2824"}],"wp:attachment":[{"href":"https:\/\/doguhabertv.com\/index.php?rest_route=%2Fwp%2Fv2%2Fmedia&parent=2823"}],"wp:term":[{"taxonomy":"category","embeddable":true,"href":"https:\/\/doguhabertv.com\/index.php?rest_route=%2Fwp%2Fv2%2Fcategories&post=2823"},{"taxonomy":"post_tag","embeddable":true,"href":"https:\/\/doguhabertv.com\/index.php?rest_route=%2Fwp%2Fv2%2Ftags&post=2823"}],"curies":[{"name":"wp","href":"https:\/\/api.w.org\/{rel}","templated":true}]}}