{"id":2820,"date":"2025-01-13T14:52:59","date_gmt":"2025-01-13T14:52:59","guid":{"rendered":"https:\/\/doguhabertv.com\/?p=2820"},"modified":"2025-01-13T14:52:59","modified_gmt":"2025-01-13T14:52:59","slug":"kizilay-bitliste-1045-aileye-gida-kolisi-dagitti","status":"publish","type":"post","link":"https:\/\/doguhabertv.com\/?p=2820","title":{"rendered":"K\u0131z\u0131lay, Bitlis&#8217;te 1045 Aileye G\u0131da Kolisi Da\u011f\u0131tt\u0131"},"content":{"rendered":"<p><strong>Bitlis&#8217;te\u00a0K\u0131z\u0131lay\u00a0taraf\u0131ndan bin 45 aileye g\u0131da kolisi da\u011f\u0131tt\u0131<\/strong><\/p>\n<p>B\u0130TL\u0130S &#8211; Bitlis&#8217;te K\u0131z\u0131lay g\u00f6n\u00fcll\u00fcleri, ba\u011f\u0131\u015f\u00e7\u0131lardan taraf\u0131ndan g\u00f6nderilen 1045 yard\u0131m kolisini tek tek ailelere da\u011f\u0131tt\u0131.<\/p>\n<p>Bitlis \u015eubesine ba\u011fl\u0131 yakla\u015f\u0131k 500 g\u00f6n\u00fcll\u00fc, ba\u011f\u0131\u015f sahiplerinden gelen yard\u0131m kolilerini \u00f6nce ayr\u0131\u015ft\u0131r\u0131p, daha sonrada belirlenen ihtiya\u00e7 sahibi aileler i\u00e7in kap\u0131lar\u0131na g\u00f6t\u00fcr\u00fcyor. Son bir ay i\u00e7erisinde 1045 ihtiya\u00e7 sahibi aileye yard\u0131mlar\u0131n\u0131 ula\u015ft\u0131ran g\u00f6n\u00fcll\u00fcler, bu ailelerin g\u00f6n\u00fcl kap\u0131lar\u0131n\u0131 da \u00e7al\u0131yorlar.<\/p>\n<p>Yard\u0131mlar\u0131n ba\u011f\u0131\u015f\u00e7\u0131lardan geldik\u00e7e ihtiya\u00e7 sahiplerine ula\u015ft\u0131r\u0131laca\u011f\u0131n\u0131 belirten\u00a0T\u00fcrk K\u0131z\u0131lay\u0131\u00a0Bitlis \u015eube Ba\u015fkan\u0131\u00a0Ali Cengiz, ba\u011f\u0131\u015f\u00e7\u0131lara ve g\u00f6n\u00fcll\u00fclerine te\u015fekk\u00fcr etti. Cengiz, &#8220;Ba\u011f\u0131\u015f\u00e7\u0131lar\u0131m\u0131zdan gelen bin 45 g\u0131da kolisini 500&#8217;e yak\u0131n g\u00f6n\u00fcll\u00fcm\u00fcz ile beraber Bitlis ve il\u00e7elerindeki ihtiya\u00e7 sahibi ailelere teslim ettik. G\u00f6n\u00fcll\u00fclerimizle beraber sosyal incelemeleri yap\u0131lan ailelerimizi tespit edip daha sonra kar k\u0131\u015f demeden hane hane dola\u015farak bu so\u011fuk k\u0131\u015f aylar\u0131nda yaln\u0131z b\u0131rakmadan kap\u0131lar\u0131na giderek kolilerini teslim ettik. Ba\u011f\u0131\u015f yapan kurumlardan ve ki\u015filerden Allah raz\u0131 olsun diyoruz. Bizi yaln\u0131z b\u0131rakmayan da\u011f\u0131t\u0131mlara kat\u0131lan g\u00f6n\u00fcll\u00fclerimize de te\u015fekk\u00fcr edit\u00f6r\u00fcz. Ba\u011f\u0131\u015flar\u0131m\u0131z geldi\u011fi m\u00fcddet\u00e7e da\u011f\u0131t\u0131mlar\u0131m\u0131z devam edecektir. \u0130l merkezi olmam\u0131z hasebiyle\u00a0Hizan&#8217;dan\u00a0Adilcevaz&#8217;a,\u00a0Mutki&#8217;den\u00a0Ahlat&#8217;a kadar her yerde yard\u0131mlar\u0131m\u0131z\u0131 ula\u015ft\u0131r\u0131yoruz. G\u00f6n\u00fcll\u00fclerimiz bu s\u00fcre\u00e7te ihtiya\u00e7 sahibi ailelerin g\u00f6n\u00fcl kap\u0131lar\u0131n\u0131 \u00e7al\u0131yor. Onlarla hem hasbihal edip dertlerini dinliyor. Hem de onlara bir nefes soluk olmaya \u00e7al\u0131\u015f\u0131yor. B\u00f6ylelikle g\u00f6n\u00fcl kap\u0131lar\u0131n\u0131 \u00e7ald\u0131\u011f\u0131m\u0131z vatanda\u015flar\u0131m\u0131za bir nebze olsun destek oluyoruz&#8221; dedi.<\/p>\n<p>&nbsp;<\/p>\n<p><strong>KAYNAK:SONDAK\u0130KA<\/strong><\/p>\n","protected":false},"excerpt":{"rendered":"<p>Bitlis&#8217;te\u00a0K\u0131z\u0131lay\u00a0taraf\u0131ndan bin 45 aileye g\u0131da kolisi da\u011f\u0131tt\u0131 B\u0130TL\u0130S &#8211; Bitlis&#8217;te K\u0131z\u0131lay g\u00f6n\u00fcll\u00fcleri, ba\u011f\u0131\u015f\u00e7\u0131lardan taraf\u0131ndan g\u00f6nderilen 1045 yard\u0131m kolisini tek tek ailelere da\u011f\u0131tt\u0131. Bitlis \u015eubesine ba\u011fl\u0131 yakla\u015f\u0131k 500 g\u00f6n\u00fcll\u00fc, ba\u011f\u0131\u015f sahiplerinden gelen yard\u0131m kolilerini \u00f6nce ayr\u0131\u015ft\u0131r\u0131p, daha sonrada belirlenen ihtiya\u00e7 sahibi aileler i\u00e7in kap\u0131lar\u0131na g\u00f6t\u00fcr\u00fcyor. Son bir ay i\u00e7erisinde 1045 ihtiya\u00e7 sahibi aileye yard\u0131mlar\u0131n\u0131 ula\u015ft\u0131ran g\u00f6n\u00fcll\u00fcler, [&hellip;]<\/p>\n","protected":false},"author":1,"featured_media":2821,"comment_status":"open","ping_status":"closed","sticky":false,"template":"","format":"standard","meta":{"footnotes":""},"categories":[8,2300],"tags":[2321,2411,2410,496,835,1207,2201],"class_list":["post-2820","post","type-post","status-publish","format-standard","has-post-thumbnail","hentry","category-gundem","category-haber","tag-bitlis","tag-dagitim","tag-kizilay","tag-destek","tag-haber","tag-koli","tag-yardim"],"_links":{"self":[{"href":"https:\/\/doguhabertv.com\/index.php?rest_route=\/wp\/v2\/posts\/2820","targetHints":{"allow":["GET"]}}],"collection":[{"href":"https:\/\/doguhabertv.com\/index.php?rest_route=\/wp\/v2\/posts"}],"about":[{"href":"https:\/\/doguhabertv.com\/index.php?rest_route=\/wp\/v2\/types\/post"}],"author":[{"embeddable":true,"href":"https:\/\/doguhabertv.com\/index.php?rest_route=\/wp\/v2\/users\/1"}],"replies":[{"embeddable":true,"href":"https:\/\/doguhabertv.com\/index.php?rest_route=%2Fwp%2Fv2%2Fcomments&post=2820"}],"version-history":[{"count":1,"href":"https:\/\/doguhabertv.com\/index.php?rest_route=\/wp\/v2\/posts\/2820\/revisions"}],"predecessor-version":[{"id":2822,"href":"https:\/\/doguhabertv.com\/index.php?rest_route=\/wp\/v2\/posts\/2820\/revisions\/2822"}],"wp:featuredmedia":[{"embeddable":true,"href":"https:\/\/doguhabertv.com\/index.php?rest_route=\/wp\/v2\/media\/2821"}],"wp:attachment":[{"href":"https:\/\/doguhabertv.com\/index.php?rest_route=%2Fwp%2Fv2%2Fmedia&parent=2820"}],"wp:term":[{"taxonomy":"category","embeddable":true,"href":"https:\/\/doguhabertv.com\/index.php?rest_route=%2Fwp%2Fv2%2Fcategories&post=2820"},{"taxonomy":"post_tag","embeddable":true,"href":"https:\/\/doguhabertv.com\/index.php?rest_route=%2Fwp%2Fv2%2Ftags&post=2820"}],"curies":[{"name":"wp","href":"https:\/\/api.w.org\/{rel}","templated":true}]}}