{"id":2813,"date":"2025-01-11T15:53:11","date_gmt":"2025-01-11T15:53:11","guid":{"rendered":"https:\/\/doguhabertv.com\/?p=2813"},"modified":"2025-01-11T15:53:11","modified_gmt":"2025-01-11T15:53:11","slug":"yuksekovada-yeni-kopru-tuneli-cikisinda-kaza","status":"publish","type":"post","link":"https:\/\/doguhabertv.com\/?p=2813","title":{"rendered":"Y\u00fcksekova&#8217;da Yeni K\u00f6pr\u00fc T\u00fcneli \u00c7\u0131k\u0131\u015f\u0131nda Kaza"},"content":{"rendered":"<p><strong>Hakkari&#8217;nin\u00a0Y\u00fcksekova\u00a0il\u00e7esinde yap\u0131m\u0131 tamamlanan ve d\u00fcn trafi\u011fe a\u00e7\u0131lan Yeni K\u00f6pr\u00fc T\u00fcneli&#8217;nin \u00e7\u0131k\u0131\u015f\u0131nda meydana gelen\u00a0trafik\u00a0kazas\u0131nda iki ki\u015fi yaraland\u0131.<\/strong><\/p>\n<p>Y\u00fcksekova&#8217;da d\u00fcn trafi\u011fe a\u00e7\u0131lan bin 965 metre uzunlu\u011fundaki Yeni K\u00f6pr\u00fc T\u00fcneli&#8217;nin \u00e7\u0131k\u0131\u015f\u0131nda trafik kazas\u0131 meydana geldi. Edinilen bilgilere g\u00f6re, t\u00fcnelden \u00e7\u0131kan, plakas\u0131 ve s\u00fcr\u00fcc\u00fcs\u00fc belli olmayan bir ara\u00e7 ile anayoldan gelen ba\u015fka bir ara\u00e7 \u00e7arp\u0131\u015ft\u0131. Meydana gelen kazada yaralanan iki ki\u015fi, olay yerine sevk edilen ambulansla Y\u00fcksekova Devlet Hastanesi&#8217;nde tedavi alt\u0131na al\u0131nd\u0131.<\/p>\n<div id=\"inpage_desktop\"><\/div>\n<p>Kaza\u00a0ile ilgili soru\u015fturma ba\u015flat\u0131l\u0131rken, s\u00fcr\u00fcc\u00fcler t\u00fcnel \u00e7\u0131k\u0131\u015f\u0131nda dikkatli olmalar\u0131 konusunda uyar\u0131ld\u0131.<\/p>\n<p><strong>KAYNAK:SONDAK\u0130KA<\/strong><\/p>\n","protected":false},"excerpt":{"rendered":"<p>Hakkari&#8217;nin\u00a0Y\u00fcksekova\u00a0il\u00e7esinde yap\u0131m\u0131 tamamlanan ve d\u00fcn trafi\u011fe a\u00e7\u0131lan Yeni K\u00f6pr\u00fc T\u00fcneli&#8217;nin \u00e7\u0131k\u0131\u015f\u0131nda meydana gelen\u00a0trafik\u00a0kazas\u0131nda iki ki\u015fi yaraland\u0131. Y\u00fcksekova&#8217;da d\u00fcn trafi\u011fe a\u00e7\u0131lan bin 965 metre uzunlu\u011fundaki Yeni K\u00f6pr\u00fc T\u00fcneli&#8217;nin \u00e7\u0131k\u0131\u015f\u0131nda trafik kazas\u0131 meydana geldi. Edinilen bilgilere g\u00f6re, t\u00fcnelden \u00e7\u0131kan, plakas\u0131 ve s\u00fcr\u00fcc\u00fcs\u00fc belli olmayan bir ara\u00e7 ile anayoldan gelen ba\u015fka bir ara\u00e7 \u00e7arp\u0131\u015ft\u0131. Meydana gelen kazada yaralanan [&hellip;]<\/p>\n","protected":false},"author":1,"featured_media":2814,"comment_status":"open","ping_status":"closed","sticky":false,"template":"","format":"standard","meta":{"footnotes":""},"categories":[8,2300],"tags":[2337,835,1135],"class_list":["post-2813","post","type-post","status-publish","format-standard","has-post-thumbnail","hentry","category-gundem","category-haber","tag-yuksekova","tag-haber","tag-kaza"],"_links":{"self":[{"href":"https:\/\/doguhabertv.com\/index.php?rest_route=\/wp\/v2\/posts\/2813","targetHints":{"allow":["GET"]}}],"collection":[{"href":"https:\/\/doguhabertv.com\/index.php?rest_route=\/wp\/v2\/posts"}],"about":[{"href":"https:\/\/doguhabertv.com\/index.php?rest_route=\/wp\/v2\/types\/post"}],"author":[{"embeddable":true,"href":"https:\/\/doguhabertv.com\/index.php?rest_route=\/wp\/v2\/users\/1"}],"replies":[{"embeddable":true,"href":"https:\/\/doguhabertv.com\/index.php?rest_route=%2Fwp%2Fv2%2Fcomments&post=2813"}],"version-history":[{"count":1,"href":"https:\/\/doguhabertv.com\/index.php?rest_route=\/wp\/v2\/posts\/2813\/revisions"}],"predecessor-version":[{"id":2815,"href":"https:\/\/doguhabertv.com\/index.php?rest_route=\/wp\/v2\/posts\/2813\/revisions\/2815"}],"wp:featuredmedia":[{"embeddable":true,"href":"https:\/\/doguhabertv.com\/index.php?rest_route=\/wp\/v2\/media\/2814"}],"wp:attachment":[{"href":"https:\/\/doguhabertv.com\/index.php?rest_route=%2Fwp%2Fv2%2Fmedia&parent=2813"}],"wp:term":[{"taxonomy":"category","embeddable":true,"href":"https:\/\/doguhabertv.com\/index.php?rest_route=%2Fwp%2Fv2%2Fcategories&post=2813"},{"taxonomy":"post_tag","embeddable":true,"href":"https:\/\/doguhabertv.com\/index.php?rest_route=%2Fwp%2Fv2%2Ftags&post=2813"}],"curies":[{"name":"wp","href":"https:\/\/api.w.org\/{rel}","templated":true}]}}