{"id":2804,"date":"2025-01-11T15:49:01","date_gmt":"2025-01-11T15:49:01","guid":{"rendered":"https:\/\/doguhabertv.com\/?p=2804"},"modified":"2025-01-11T15:49:01","modified_gmt":"2025-01-11T15:49:01","slug":"elazigda-beyaz-baston-yuruyusu","status":"publish","type":"post","link":"https:\/\/doguhabertv.com\/?p=2804","title":{"rendered":"Elaz\u0131\u011f&#8217;da Beyaz Baston Y\u00fcr\u00fcy\u00fc\u015f\u00fc"},"content":{"rendered":"<p><strong>Elaz\u0131\u011f&#8217;da &#8220;Beyaz Baston\u00a0D\u00fcnya\u00a0G\u00f6rme Engelli Haftas\u0131&#8221; etkinli\u011fi d\u00fczenlendi.<\/strong><\/p>\n<p>T\u00fcm d\u00fcnyada 7-14 Ocak Beyaz Baston G\u00f6rme\u00a0Engelliler Haftas\u0131\u00a0olarak an\u0131lan etkinlik Elaz\u0131\u011f&#8217;da da d\u00fczenlendi. Elaz\u0131\u011f\u00a0Harput\u00a0G\u00f6rme Engelliler\u00a0Spor\u00a0Kul\u00fcb\u00fc Derne\u011fi taraf\u0131ndan organize edilen etkinlikte dernek \u00fcyeleri, \u0130zzetpa\u015fa Camii \u00f6n\u00fcnden gazi caddesi boyunca eski \u00d6\u011fretmenevi \u00f6n\u00fcne kadar y\u00fcr\u00fcd\u00fc. Ellerinde beyaz bastonlar\u0131 ile y\u00fcr\u00fcy\u00fc\u015f ger\u00e7ekle\u015ftiren g\u00f6rme engelli bireyler, fark\u0131ndal\u0131k olu\u015fturmak istediklerini kaydetti.<\/p>\n<div id=\"inpage_desktop\">\n<div>\n<div data-type=\"_mgwidget\" data-widget-id=\"1715779\"><\/div>\n<\/div>\n<\/div>\n<p>Y\u00fcr\u00fcy\u00fc\u015f sonras\u0131 a\u00e7\u0131klamalarda bulunan dernek ba\u015fkan\u0131 Muzaffer Polat, toplumda fark\u0131ndal\u0131k olu\u015fturma ad\u0131na etkinlik d\u00fczenlediklerini, \u00f6zellikle beyaz bastona dikkat \u00e7ekerek bir k\u0131sm\u0131 k\u0131rm\u0131z\u0131 olan beyaz bastonlar\u0131n ise hem g\u00f6rme hem de duyma engelli bireyler oldu\u011funu anlatmaya \u00e7al\u0131\u015ft\u0131klar\u0131n\u0131 ifade etti.<\/p>\n<p><strong>KAYNAK:SONDAK\u0130KA<\/strong><\/p>\n","protected":false},"excerpt":{"rendered":"<p>Elaz\u0131\u011f&#8217;da &#8220;Beyaz Baston\u00a0D\u00fcnya\u00a0G\u00f6rme Engelli Haftas\u0131&#8221; etkinli\u011fi d\u00fczenlendi. T\u00fcm d\u00fcnyada 7-14 Ocak Beyaz Baston G\u00f6rme\u00a0Engelliler Haftas\u0131\u00a0olarak an\u0131lan etkinlik Elaz\u0131\u011f&#8217;da da d\u00fczenlendi. Elaz\u0131\u011f\u00a0Harput\u00a0G\u00f6rme Engelliler\u00a0Spor\u00a0Kul\u00fcb\u00fc Derne\u011fi taraf\u0131ndan organize edilen etkinlikte dernek \u00fcyeleri, \u0130zzetpa\u015fa Camii \u00f6n\u00fcnden gazi caddesi boyunca eski \u00d6\u011fretmenevi \u00f6n\u00fcne kadar y\u00fcr\u00fcd\u00fc. Ellerinde beyaz bastonlar\u0131 ile y\u00fcr\u00fcy\u00fc\u015f ger\u00e7ekle\u015ftiren g\u00f6rme engelli bireyler, fark\u0131ndal\u0131k olu\u015fturmak istediklerini kaydetti. Y\u00fcr\u00fcy\u00fc\u015f sonras\u0131 [&hellip;]<\/p>\n","protected":false},"author":1,"featured_media":2805,"comment_status":"open","ping_status":"closed","sticky":false,"template":"","format":"standard","meta":{"footnotes":""},"categories":[8,2300],"tags":[2407,2370,2406,2405,592,835],"class_list":["post-2804","post","type-post","status-publish","format-standard","has-post-thumbnail","hentry","category-gundem","category-haber","tag-beyazbaston","tag-etkinlik","tag-gormeengelli","tag-yuruyus","tag-elazig","tag-haber"],"_links":{"self":[{"href":"https:\/\/doguhabertv.com\/index.php?rest_route=\/wp\/v2\/posts\/2804","targetHints":{"allow":["GET"]}}],"collection":[{"href":"https:\/\/doguhabertv.com\/index.php?rest_route=\/wp\/v2\/posts"}],"about":[{"href":"https:\/\/doguhabertv.com\/index.php?rest_route=\/wp\/v2\/types\/post"}],"author":[{"embeddable":true,"href":"https:\/\/doguhabertv.com\/index.php?rest_route=\/wp\/v2\/users\/1"}],"replies":[{"embeddable":true,"href":"https:\/\/doguhabertv.com\/index.php?rest_route=%2Fwp%2Fv2%2Fcomments&post=2804"}],"version-history":[{"count":1,"href":"https:\/\/doguhabertv.com\/index.php?rest_route=\/wp\/v2\/posts\/2804\/revisions"}],"predecessor-version":[{"id":2806,"href":"https:\/\/doguhabertv.com\/index.php?rest_route=\/wp\/v2\/posts\/2804\/revisions\/2806"}],"wp:featuredmedia":[{"embeddable":true,"href":"https:\/\/doguhabertv.com\/index.php?rest_route=\/wp\/v2\/media\/2805"}],"wp:attachment":[{"href":"https:\/\/doguhabertv.com\/index.php?rest_route=%2Fwp%2Fv2%2Fmedia&parent=2804"}],"wp:term":[{"taxonomy":"category","embeddable":true,"href":"https:\/\/doguhabertv.com\/index.php?rest_route=%2Fwp%2Fv2%2Fcategories&post=2804"},{"taxonomy":"post_tag","embeddable":true,"href":"https:\/\/doguhabertv.com\/index.php?rest_route=%2Fwp%2Fv2%2Ftags&post=2804"}],"curies":[{"name":"wp","href":"https:\/\/api.w.org\/{rel}","templated":true}]}}