{"id":2801,"date":"2025-01-11T15:47:35","date_gmt":"2025-01-11T15:47:35","guid":{"rendered":"https:\/\/doguhabertv.com\/?p=2801"},"modified":"2025-01-11T15:47:35","modified_gmt":"2025-01-11T15:47:35","slug":"elazigda-sessiz-ciglik-eylemi","status":"publish","type":"post","link":"https:\/\/doguhabertv.com\/?p=2801","title":{"rendered":"Elaz\u0131\u011f&#8217;da Sessiz \u00c7\u0131\u011fl\u0131k Eylemi"},"content":{"rendered":"<p><strong>Elaz\u0131\u011f&#8217;da\u00a0Gazze&#8217;de devam eden soyk\u0131r\u0131m ve zulme dikkat \u00e7ekmek i\u00e7in ba\u015flat\u0131lan &#8220;Sessiz \u00c7\u0131\u011fl\u0131k&#8221; eylemi devam ediyor.<\/strong><\/p>\n<p>El Aksa Platformu \u00fcyeleri,\u00a0\u0130srail&#8217;in Gazze&#8217;ye y\u00f6nelik sald\u0131r\u0131lar\u0131n\u0131 protesto etmeye devam ediyor. Bu \u00e7er\u00e7evede platform \u00fcyeleri,\u00a015 Temmuz\u00a0Demokrasi\u00a0Meydan\u0131&#8217;nda bir araya geldi. T\u00fcrk ve\u00a0Filistin\u00a0bayraklar\u0131 a\u00e7\u0131larak, ta\u015f\u0131nan d\u00f6vizlerle \u0130srail&#8217;in Gazze&#8217;ye y\u00f6nelik sald\u0131r\u0131lar\u0131na tepki g\u00f6sterildi.<\/p>\n<p>&nbsp;<\/p>\n<p><strong>KAYNAK:SONDAK\u0130KA<\/strong><\/p>\n","protected":false},"excerpt":{"rendered":"<p>Elaz\u0131\u011f&#8217;da\u00a0Gazze&#8217;de devam eden soyk\u0131r\u0131m ve zulme dikkat \u00e7ekmek i\u00e7in ba\u015flat\u0131lan &#8220;Sessiz \u00c7\u0131\u011fl\u0131k&#8221; eylemi devam ediyor. El Aksa Platformu \u00fcyeleri,\u00a0\u0130srail&#8217;in Gazze&#8217;ye y\u00f6nelik sald\u0131r\u0131lar\u0131n\u0131 protesto etmeye devam ediyor. Bu \u00e7er\u00e7evede platform \u00fcyeleri,\u00a015 Temmuz\u00a0Demokrasi\u00a0Meydan\u0131&#8217;nda bir araya geldi. T\u00fcrk ve\u00a0Filistin\u00a0bayraklar\u0131 a\u00e7\u0131larak, ta\u015f\u0131nan d\u00f6vizlerle \u0130srail&#8217;in Gazze&#8217;ye y\u00f6nelik sald\u0131r\u0131lar\u0131na tepki g\u00f6sterildi. &nbsp; KAYNAK:SONDAK\u0130KA<\/p>\n","protected":false},"author":1,"featured_media":2802,"comment_status":"open","ping_status":"closed","sticky":false,"template":"","format":"standard","meta":{"footnotes":""},"categories":[8,2300],"tags":[592,665,835,2034],"class_list":["post-2801","post","type-post","status-publish","format-standard","has-post-thumbnail","hentry","category-gundem","category-haber","tag-elazig","tag-eylem","tag-haber","tag-tepki"],"_links":{"self":[{"href":"https:\/\/doguhabertv.com\/index.php?rest_route=\/wp\/v2\/posts\/2801","targetHints":{"allow":["GET"]}}],"collection":[{"href":"https:\/\/doguhabertv.com\/index.php?rest_route=\/wp\/v2\/posts"}],"about":[{"href":"https:\/\/doguhabertv.com\/index.php?rest_route=\/wp\/v2\/types\/post"}],"author":[{"embeddable":true,"href":"https:\/\/doguhabertv.com\/index.php?rest_route=\/wp\/v2\/users\/1"}],"replies":[{"embeddable":true,"href":"https:\/\/doguhabertv.com\/index.php?rest_route=%2Fwp%2Fv2%2Fcomments&post=2801"}],"version-history":[{"count":1,"href":"https:\/\/doguhabertv.com\/index.php?rest_route=\/wp\/v2\/posts\/2801\/revisions"}],"predecessor-version":[{"id":2803,"href":"https:\/\/doguhabertv.com\/index.php?rest_route=\/wp\/v2\/posts\/2801\/revisions\/2803"}],"wp:featuredmedia":[{"embeddable":true,"href":"https:\/\/doguhabertv.com\/index.php?rest_route=\/wp\/v2\/media\/2802"}],"wp:attachment":[{"href":"https:\/\/doguhabertv.com\/index.php?rest_route=%2Fwp%2Fv2%2Fmedia&parent=2801"}],"wp:term":[{"taxonomy":"category","embeddable":true,"href":"https:\/\/doguhabertv.com\/index.php?rest_route=%2Fwp%2Fv2%2Fcategories&post=2801"},{"taxonomy":"post_tag","embeddable":true,"href":"https:\/\/doguhabertv.com\/index.php?rest_route=%2Fwp%2Fv2%2Ftags&post=2801"}],"curies":[{"name":"wp","href":"https:\/\/api.w.org\/{rel}","templated":true}]}}