{"id":2795,"date":"2025-01-11T15:44:54","date_gmt":"2025-01-11T15:44:54","guid":{"rendered":"https:\/\/doguhabertv.com\/?p=2795"},"modified":"2025-01-11T15:44:54","modified_gmt":"2025-01-11T15:44:54","slug":"palandokende-bicakli-kavga-1-yarali-1-tutuklu","status":"publish","type":"post","link":"https:\/\/doguhabertv.com\/?p=2795","title":{"rendered":"Paland\u00f6ken&#8217;de B\u0131\u00e7akl\u0131 Kavga: 1 Yaral\u0131, 1 Tutuklu"},"content":{"rendered":"<p><strong>Erzurum&#8217;un\u00a0Paland\u00f6ken\u00a0il\u00e7esinde iki grup aras\u0131nda \u00e7\u0131kan b\u0131\u00e7akl\u0131 kavgada 1 ki\u015fi yaraland\u0131, olay\u0131 ger\u00e7ekle\u015ftiren zanl\u0131 tutukland\u0131.<\/strong><\/p>\n<p>Yunus Emre Mahallesi&#8217;ndeki parkta iki grup aras\u0131nda bilinmeyen nedenle \u00e7\u0131kan tart\u0131\u015fma b\u0131\u00e7akl\u0131 kavgaya d\u00f6n\u00fc\u015ft\u00fc.<\/p>\n<p>Olayda b\u0131\u00e7akla a\u011f\u0131r yaralanan E.K. (42) \u00e7evredeki vatanda\u015flar taraf\u0131ndan Erzurum\u00a0\u015eehir Hastanesi&#8217;ne g\u00f6t\u00fcr\u00fcld\u00fc.<\/p>\n<p>Polis\u00a0ekipleri, olay sonras\u0131 ka\u00e7an \u015f\u00fcpheli \u00d6.\u00d6&#8217;y\u00fc (41) Abdurrahman Gazi Mahallesi&#8217;nde sakland\u0131\u011f\u0131 evinde yakalad\u0131.<\/p>\n<p>Emniyetteki i\u015flemlerinin ard\u0131ndan adliyeye sevk edilen \u00d6.\u00d6, \u00e7\u0131kar\u0131ld\u0131\u011f\u0131 hakimlik\u00e7e tutukland\u0131.<\/p>\n<p>Zanl\u0131n\u0131n, \u00e7e\u015fitli su\u00e7lardan 8 kayd\u0131n\u0131n oldu\u011fu \u00f6\u011frenildi.<\/p>\n<p><strong>KAYNAK:SONDAK\u0130KA<\/strong><\/p>\n","protected":false},"excerpt":{"rendered":"<p>Erzurum&#8217;un\u00a0Paland\u00f6ken\u00a0il\u00e7esinde iki grup aras\u0131nda \u00e7\u0131kan b\u0131\u00e7akl\u0131 kavgada 1 ki\u015fi yaraland\u0131, olay\u0131 ger\u00e7ekle\u015ftiren zanl\u0131 tutukland\u0131. Yunus Emre Mahallesi&#8217;ndeki parkta iki grup aras\u0131nda bilinmeyen nedenle \u00e7\u0131kan tart\u0131\u015fma b\u0131\u00e7akl\u0131 kavgaya d\u00f6n\u00fc\u015ft\u00fc. Olayda b\u0131\u00e7akla a\u011f\u0131r yaralanan E.K. (42) \u00e7evredeki vatanda\u015flar taraf\u0131ndan Erzurum\u00a0\u015eehir Hastanesi&#8217;ne g\u00f6t\u00fcr\u00fcld\u00fc. Polis\u00a0ekipleri, olay sonras\u0131 ka\u00e7an \u015f\u00fcpheli \u00d6.\u00d6&#8217;y\u00fc (41) Abdurrahman Gazi Mahallesi&#8217;nde sakland\u0131\u011f\u0131 evinde yakalad\u0131. Emniyetteki i\u015flemlerinin [&hellip;]<\/p>\n","protected":false},"author":1,"featured_media":2796,"comment_status":"open","ping_status":"closed","sticky":false,"template":"","format":"standard","meta":{"footnotes":""},"categories":[8,2300],"tags":[2310,2299,835,1125],"class_list":["post-2795","post","type-post","status-publish","format-standard","has-post-thumbnail","hentry","category-gundem","category-haber","tag-tutuklanma","tag-yarali","tag-haber","tag-kavga"],"_links":{"self":[{"href":"https:\/\/doguhabertv.com\/index.php?rest_route=\/wp\/v2\/posts\/2795","targetHints":{"allow":["GET"]}}],"collection":[{"href":"https:\/\/doguhabertv.com\/index.php?rest_route=\/wp\/v2\/posts"}],"about":[{"href":"https:\/\/doguhabertv.com\/index.php?rest_route=\/wp\/v2\/types\/post"}],"author":[{"embeddable":true,"href":"https:\/\/doguhabertv.com\/index.php?rest_route=\/wp\/v2\/users\/1"}],"replies":[{"embeddable":true,"href":"https:\/\/doguhabertv.com\/index.php?rest_route=%2Fwp%2Fv2%2Fcomments&post=2795"}],"version-history":[{"count":1,"href":"https:\/\/doguhabertv.com\/index.php?rest_route=\/wp\/v2\/posts\/2795\/revisions"}],"predecessor-version":[{"id":2797,"href":"https:\/\/doguhabertv.com\/index.php?rest_route=\/wp\/v2\/posts\/2795\/revisions\/2797"}],"wp:featuredmedia":[{"embeddable":true,"href":"https:\/\/doguhabertv.com\/index.php?rest_route=\/wp\/v2\/media\/2796"}],"wp:attachment":[{"href":"https:\/\/doguhabertv.com\/index.php?rest_route=%2Fwp%2Fv2%2Fmedia&parent=2795"}],"wp:term":[{"taxonomy":"category","embeddable":true,"href":"https:\/\/doguhabertv.com\/index.php?rest_route=%2Fwp%2Fv2%2Fcategories&post=2795"},{"taxonomy":"post_tag","embeddable":true,"href":"https:\/\/doguhabertv.com\/index.php?rest_route=%2Fwp%2Fv2%2Ftags&post=2795"}],"curies":[{"name":"wp","href":"https:\/\/api.w.org\/{rel}","templated":true}]}}