{"id":2791,"date":"2025-01-08T14:12:46","date_gmt":"2025-01-08T14:12:46","guid":{"rendered":"https:\/\/doguhabertv.com\/?p=2791"},"modified":"2025-01-08T14:12:46","modified_gmt":"2025-01-08T14:12:46","slug":"ilkokul-cocuklari-turistik-dogu-ekspresinde-sarikamis-sehitleri-dramasini-sahneledi","status":"publish","type":"post","link":"https:\/\/doguhabertv.com\/?p=2791","title":{"rendered":"\u0130lkokul \u00e7ocuklar\u0131 Turistik Do\u011fu Ekspresi&#8217;nde &#8220;Sar\u0131kam\u0131\u015f \u015eehitleri Dramas\u0131&#8221;n\u0131 sahneledi"},"content":{"rendered":"<p><strong>Kars&#8217;\u0131n\u00a0Sar\u0131kam\u0131\u015f\u00a0il\u00e7esinde ilkokul \u00f6\u011frencileri, Turistik\u00a0Do\u011fu Ekspresi\u00a0i\u00e7inde &#8220;Sar\u0131kam\u0131\u015f \u015eehitleri Dramas\u0131&#8221;n\u0131 sergiledi.<\/strong><\/p>\n<p>\u0130l\u00e7eye ba\u011fl\u0131 Karaurgan K\u00f6y\u00fc \u0130lkokulu \u00f6\u011fretmen ve \u00f6\u011frencileri, Sar\u0131kam\u0131\u015f Harekat\u0131&#8217;n\u0131n 110. y\u0131l\u0131nda\u00a0Allahuekber Da\u011flar\u0131&#8217;nda \u015fehit d\u00fc\u015fen Mehmet\u00e7ikleri anmak i\u00e7in &#8220;Sar\u0131kam\u0131\u015f \u015eehitleri Dramas\u0131&#8221; ekibi olu\u015fturdu.<\/p>\n<p>Ula\u015ft\u0131rma ve Altyap\u0131 Bakanl\u0131\u011f\u0131\u00a0T\u00fcrkiye Cumhuriyeti\u00a0Devlet Demiryollar\u0131\u00a0(TCDD) Ta\u015f\u0131mac\u0131l\u0131k A\u015e Genel M\u00fcd\u00fcrl\u00fc\u011f\u00fc taraf\u0131ndan Ankara-Kars hatt\u0131nda hizmete sunulan Turistik Do\u011fu Ekspresi&#8217;ne \u00f6\u011fretmenleri nezaretinde k\u00f6yden binen \u00f6\u011frenciler, yolculara \u015fehit dramas\u0131n\u0131 anlatt\u0131.<\/p>\n<p>D\u00f6nemin askeri k\u0131yafetini giyerek \u00f6\u011frencilerin bu dramay\u0131 sergilemesi yolcularca da cep telefonlar\u0131yla kay\u0131t alt\u0131na al\u0131nd\u0131.<\/p>\n<p>Okul M\u00fcd\u00fcr\u00fc Ferhat Altunta\u015f, son y\u0131llarda Do\u011fu Ekspresi&#8217;nin pop\u00fclaritesinin artm\u0131\u015f olmas\u0131ndan da faydalanarak Sar\u0131kam\u0131\u015f \u015fehitlerini al\u0131\u015f\u0131lm\u0131\u015f\u0131n d\u0131\u015f\u0131nda anmak istediklerini belirtti.<\/p>\n<p>Sanat\u0131n t\u00fcm dallar\u0131yla, milli ve manevi de\u011ferleri t\u00fcm \u00e7ocuklara hem aktarmak hem de ya\u015fatmak maksad\u0131yla projenin hayata ge\u00e7irildi\u011fini anlatan Altunta\u015f, &#8220;\u00c7ocuklar\u0131m\u0131z sergiledikleri dramayla, askerlerimizle kendilerini o kadar \u00f6zde\u015fle\u015ftirdiler ki trendeki yolcular\u0131m\u0131za son derece duygusal anlar ya\u015fatt\u0131lar.&#8221; dedi.<\/p>\n<p>Altunta\u015f, projeye deste\u011finden dolay\u0131 Sar\u0131kam\u0131\u015f Kaymakam\u0131 Enis Aslantatar&#8217;a te\u015fekk\u00fcr etti.<\/p>\n<p><strong>KAYNAK:SONDAK\u0130KA<\/strong><\/p>\n","protected":false},"excerpt":{"rendered":"<p>Kars&#8217;\u0131n\u00a0Sar\u0131kam\u0131\u015f\u00a0il\u00e7esinde ilkokul \u00f6\u011frencileri, Turistik\u00a0Do\u011fu Ekspresi\u00a0i\u00e7inde &#8220;Sar\u0131kam\u0131\u015f \u015eehitleri Dramas\u0131&#8221;n\u0131 sergiledi. \u0130l\u00e7eye ba\u011fl\u0131 Karaurgan K\u00f6y\u00fc \u0130lkokulu \u00f6\u011fretmen ve \u00f6\u011frencileri, Sar\u0131kam\u0131\u015f Harekat\u0131&#8217;n\u0131n 110. y\u0131l\u0131nda\u00a0Allahuekber Da\u011flar\u0131&#8217;nda \u015fehit d\u00fc\u015fen Mehmet\u00e7ikleri anmak i\u00e7in &#8220;Sar\u0131kam\u0131\u015f \u015eehitleri Dramas\u0131&#8221; ekibi olu\u015fturdu. Ula\u015ft\u0131rma ve Altyap\u0131 Bakanl\u0131\u011f\u0131\u00a0T\u00fcrkiye Cumhuriyeti\u00a0Devlet Demiryollar\u0131\u00a0(TCDD) Ta\u015f\u0131mac\u0131l\u0131k A\u015e Genel M\u00fcd\u00fcrl\u00fc\u011f\u00fc taraf\u0131ndan Ankara-Kars hatt\u0131nda hizmete sunulan Turistik Do\u011fu Ekspresi&#8217;ne \u00f6\u011fretmenleri nezaretinde k\u00f6yden binen \u00f6\u011frenciler, [&hellip;]<\/p>\n","protected":false},"author":1,"featured_media":2792,"comment_status":"open","ping_status":"closed","sticky":false,"template":"","format":"standard","meta":{"footnotes":""},"categories":[8,2300],"tags":[2402,2334,2403,2404,835,1745],"class_list":["post-2791","post","type-post","status-publish","format-standard","has-post-thumbnail","hentry","category-gundem","category-haber","tag-ilkokul","tag-kars","tag-sehid","tag-sergi","tag-haber","tag-sahne"],"_links":{"self":[{"href":"https:\/\/doguhabertv.com\/index.php?rest_route=\/wp\/v2\/posts\/2791","targetHints":{"allow":["GET"]}}],"collection":[{"href":"https:\/\/doguhabertv.com\/index.php?rest_route=\/wp\/v2\/posts"}],"about":[{"href":"https:\/\/doguhabertv.com\/index.php?rest_route=\/wp\/v2\/types\/post"}],"author":[{"embeddable":true,"href":"https:\/\/doguhabertv.com\/index.php?rest_route=\/wp\/v2\/users\/1"}],"replies":[{"embeddable":true,"href":"https:\/\/doguhabertv.com\/index.php?rest_route=%2Fwp%2Fv2%2Fcomments&post=2791"}],"version-history":[{"count":1,"href":"https:\/\/doguhabertv.com\/index.php?rest_route=\/wp\/v2\/posts\/2791\/revisions"}],"predecessor-version":[{"id":2793,"href":"https:\/\/doguhabertv.com\/index.php?rest_route=\/wp\/v2\/posts\/2791\/revisions\/2793"}],"wp:featuredmedia":[{"embeddable":true,"href":"https:\/\/doguhabertv.com\/index.php?rest_route=\/wp\/v2\/media\/2792"}],"wp:attachment":[{"href":"https:\/\/doguhabertv.com\/index.php?rest_route=%2Fwp%2Fv2%2Fmedia&parent=2791"}],"wp:term":[{"taxonomy":"category","embeddable":true,"href":"https:\/\/doguhabertv.com\/index.php?rest_route=%2Fwp%2Fv2%2Fcategories&post=2791"},{"taxonomy":"post_tag","embeddable":true,"href":"https:\/\/doguhabertv.com\/index.php?rest_route=%2Fwp%2Fv2%2Ftags&post=2791"}],"curies":[{"name":"wp","href":"https:\/\/api.w.org\/{rel}","templated":true}]}}