{"id":2782,"date":"2025-01-08T14:07:10","date_gmt":"2025-01-08T14:07:10","guid":{"rendered":"https:\/\/doguhabertv.com\/?p=2782"},"modified":"2025-01-08T14:07:10","modified_gmt":"2025-01-08T14:07:10","slug":"musta-evlat-nobeti-devam-ediyor","status":"publish","type":"post","link":"https:\/\/doguhabertv.com\/?p=2782","title":{"rendered":"Mu\u015f&#8217;ta Evlat N\u00f6beti Devam Ediyor"},"content":{"rendered":"<p><strong>Mu\u015f&#8217;ta \u00e7ocuklar\u0131 ter\u00f6r \u00f6rg\u00fct\u00fc\u00a0PKK\u00a0taraf\u0131ndan ka\u00e7\u0131r\u0131lan aileler,\u00a0DEM Parti\u00a0\u0130l Ba\u015fkanl\u0131\u011f\u0131 binas\u0131 \u00f6n\u00fcndeki eylemlerine devam etti.<\/strong><\/p>\n<p>\u00c7ocuklar\u0131na kavu\u015fma \u00fcmidiyle her hafta \u00e7ar\u015famba g\u00fcn\u00fc yapt\u0131klar\u0131 eylemlerini s\u00fcrd\u00fcren aileler, DEM Parti ve ter\u00f6r \u00f6rg\u00fct\u00fc PKK&#8217;ya tepki g\u00f6sterdi.<\/p>\n<p>Eylemde evlatlar\u0131n\u0131n foto\u011fraf\u0131n\u0131 ta\u015f\u0131yan anne ve babalar, &#8220;Anneler direniyor&#8221;, &#8220;Evlat n\u00f6betindeyiz&#8221; ve &#8220;Art\u0131k yeter yakam\u0131zdan d\u00fc\u015f\u00fcn&#8221; yaz\u0131l\u0131 pankartlar a\u00e7t\u0131.<\/p>\n<p>Anne \u015eahinaz \u00d6zcan, gazetecilere, o\u011flunun 8 y\u0131l \u00f6nce ka\u00e7\u0131r\u0131ld\u0131\u011f\u0131n\u0131 s\u00f6yledi.<\/p>\n<p>O\u011flundan hi\u00e7 haber alamad\u0131\u011f\u0131n\u0131 belirten \u00d6zcan, &#8220;O\u011flum sa\u011f m\u0131 \u00f6l\u00fc m\u00fc onu bile bilmiyorum. O\u011flumu ter\u00f6r \u00f6rg\u00fct\u00fc PKK&#8217;dan istiyorum. Benim \u00e7ocu\u011fum nerede? Milletin \u00e7ocuklar\u0131n\u0131 g\u00f6t\u00fcr\u00fcyorlar, aileleri peri\u015fan ediyorlar. Allah onlar\u0131 kahretsin. Yeter art\u0131k. O\u011flum, gel teslim ol.&#8221; dedi.<\/p>\n<p>Baba\u00a0Mahmut Y\u0131lmaz\u00a0ise &#8220;O\u011flum d\u00f6n, bunun sonu yok. Sizi kand\u0131r\u0131yorlar.\u00a0T\u00fcrkiye\u00a0hepimize yeter. T\u00fcrkiye \u015fefkat elini herkese uzat\u0131r. T\u00fcrkiye kimseyle d\u00fc\u015fman de\u011fil. Teslim olan gen\u00e7lere \u00e7ok iyi davran\u0131yorlar.&#8221; ifadelerini kulland\u0131.<\/p>\n<p><strong>KAYNAK:SONDAK\u0130KA<\/strong><\/p>\n","protected":false},"excerpt":{"rendered":"<p>Mu\u015f&#8217;ta \u00e7ocuklar\u0131 ter\u00f6r \u00f6rg\u00fct\u00fc\u00a0PKK\u00a0taraf\u0131ndan ka\u00e7\u0131r\u0131lan aileler,\u00a0DEM Parti\u00a0\u0130l Ba\u015fkanl\u0131\u011f\u0131 binas\u0131 \u00f6n\u00fcndeki eylemlerine devam etti. \u00c7ocuklar\u0131na kavu\u015fma \u00fcmidiyle her hafta \u00e7ar\u015famba g\u00fcn\u00fc yapt\u0131klar\u0131 eylemlerini s\u00fcrd\u00fcren aileler, DEM Parti ve ter\u00f6r \u00f6rg\u00fct\u00fc PKK&#8217;ya tepki g\u00f6sterdi. Eylemde evlatlar\u0131n\u0131n foto\u011fraf\u0131n\u0131 ta\u015f\u0131yan anne ve babalar, &#8220;Anneler direniyor&#8221;, &#8220;Evlat n\u00f6betindeyiz&#8221; ve &#8220;Art\u0131k yeter yakam\u0131zdan d\u00fc\u015f\u00fcn&#8221; yaz\u0131l\u0131 pankartlar a\u00e7t\u0131. Anne \u015eahinaz \u00d6zcan, gazetecilere, [&hellip;]<\/p>\n","protected":false},"author":1,"featured_media":2783,"comment_status":"open","ping_status":"closed","sticky":false,"template":"","format":"standard","meta":{"footnotes":""},"categories":[8,2300],"tags":[2345,656,835,1491,2037],"class_list":["post-2782","post","type-post","status-publish","format-standard","has-post-thumbnail","hentry","category-gundem","category-haber","tag-mus","tag-evlat","tag-haber","tag-nobet","tag-teror"],"_links":{"self":[{"href":"https:\/\/doguhabertv.com\/index.php?rest_route=\/wp\/v2\/posts\/2782","targetHints":{"allow":["GET"]}}],"collection":[{"href":"https:\/\/doguhabertv.com\/index.php?rest_route=\/wp\/v2\/posts"}],"about":[{"href":"https:\/\/doguhabertv.com\/index.php?rest_route=\/wp\/v2\/types\/post"}],"author":[{"embeddable":true,"href":"https:\/\/doguhabertv.com\/index.php?rest_route=\/wp\/v2\/users\/1"}],"replies":[{"embeddable":true,"href":"https:\/\/doguhabertv.com\/index.php?rest_route=%2Fwp%2Fv2%2Fcomments&post=2782"}],"version-history":[{"count":1,"href":"https:\/\/doguhabertv.com\/index.php?rest_route=\/wp\/v2\/posts\/2782\/revisions"}],"predecessor-version":[{"id":2784,"href":"https:\/\/doguhabertv.com\/index.php?rest_route=\/wp\/v2\/posts\/2782\/revisions\/2784"}],"wp:featuredmedia":[{"embeddable":true,"href":"https:\/\/doguhabertv.com\/index.php?rest_route=\/wp\/v2\/media\/2783"}],"wp:attachment":[{"href":"https:\/\/doguhabertv.com\/index.php?rest_route=%2Fwp%2Fv2%2Fmedia&parent=2782"}],"wp:term":[{"taxonomy":"category","embeddable":true,"href":"https:\/\/doguhabertv.com\/index.php?rest_route=%2Fwp%2Fv2%2Fcategories&post=2782"},{"taxonomy":"post_tag","embeddable":true,"href":"https:\/\/doguhabertv.com\/index.php?rest_route=%2Fwp%2Fv2%2Ftags&post=2782"}],"curies":[{"name":"wp","href":"https:\/\/api.w.org\/{rel}","templated":true}]}}