{"id":2776,"date":"2025-01-08T14:03:38","date_gmt":"2025-01-08T14:03:38","guid":{"rendered":"https:\/\/doguhabertv.com\/?p=2776"},"modified":"2025-01-08T14:03:38","modified_gmt":"2025-01-08T14:03:38","slug":"vanda-otomobil-sarampole-dustu","status":"publish","type":"post","link":"https:\/\/doguhabertv.com\/?p=2776","title":{"rendered":"Van&#8217;da Otomobil \u015earampole D\u00fc\u015ft\u00fc"},"content":{"rendered":"<p><strong>Van&#8217;da yoldan \u00e7\u0131karak \u015farampole d\u00fc\u015fen otomobilin s\u00fcr\u00fcc\u00fcs\u00fc yaraland\u0131.<\/strong><\/p>\n<p>Edinilen bilgiye g\u00f6re kaza, Van-\u00a0\u00d6zalp\u00a0karayolu \u00fczerindeki\u00a0Er\u00e7ek\u00a0Mahallesi yak\u0131nlar\u0131nda meydanda geldi. S.C. y\u00f6netimindeki 59 AIT 747 plakal\u0131\u00a0Kia\u00a0marka otomobil, sis nedeniyle kontrolden \u00e7\u0131karak \u015farampole d\u00fc\u015ft\u00fc. \u0130hbar \u00fczerine b\u00f6lgeye ambulans, jandarma, polis ve itfaiye ekipleri sevk edildi. Yaral\u0131 s\u00fcr\u00fcc\u00fc, olay yerinde yap\u0131lan ilk m\u00fcdahalenin ard\u0131ndan hastaneye sevk edildi.<\/p>\n<div id=\"inpage_desktop\"><\/div>\n<p>Kazayla ilgili tahkikat ba\u015flat\u0131ld\u0131.<\/p>\n<p><strong>KAYNAK:SONDAK\u0130KA<\/strong><\/p>\n","protected":false},"excerpt":{"rendered":"<p>Van&#8217;da yoldan \u00e7\u0131karak \u015farampole d\u00fc\u015fen otomobilin s\u00fcr\u00fcc\u00fcs\u00fc yaraland\u0131. Edinilen bilgiye g\u00f6re kaza, Van-\u00a0\u00d6zalp\u00a0karayolu \u00fczerindeki\u00a0Er\u00e7ek\u00a0Mahallesi yak\u0131nlar\u0131nda meydanda geldi. S.C. y\u00f6netimindeki 59 AIT 747 plakal\u0131\u00a0Kia\u00a0marka otomobil, sis nedeniyle kontrolden \u00e7\u0131karak \u015farampole d\u00fc\u015ft\u00fc. \u0130hbar \u00fczerine b\u00f6lgeye ambulans, jandarma, polis ve itfaiye ekipleri sevk edildi. Yaral\u0131 s\u00fcr\u00fcc\u00fc, olay yerinde yap\u0131lan ilk m\u00fcdahalenin ard\u0131ndan hastaneye sevk edildi. Kazayla ilgili tahkikat [&hellip;]<\/p>\n","protected":false},"author":1,"featured_media":2777,"comment_status":"open","ping_status":"closed","sticky":false,"template":"","format":"standard","meta":{"footnotes":""},"categories":[8,2300],"tags":[2395,2396,2347,2299,866,1135],"class_list":["post-2776","post","type-post","status-publish","format-standard","has-post-thumbnail","hentry","category-gundem","category-haber","tag-sarampole","tag-tahkikat","tag-van","tag-yarali","tag-hastane","tag-kaza"],"_links":{"self":[{"href":"https:\/\/doguhabertv.com\/index.php?rest_route=\/wp\/v2\/posts\/2776","targetHints":{"allow":["GET"]}}],"collection":[{"href":"https:\/\/doguhabertv.com\/index.php?rest_route=\/wp\/v2\/posts"}],"about":[{"href":"https:\/\/doguhabertv.com\/index.php?rest_route=\/wp\/v2\/types\/post"}],"author":[{"embeddable":true,"href":"https:\/\/doguhabertv.com\/index.php?rest_route=\/wp\/v2\/users\/1"}],"replies":[{"embeddable":true,"href":"https:\/\/doguhabertv.com\/index.php?rest_route=%2Fwp%2Fv2%2Fcomments&post=2776"}],"version-history":[{"count":1,"href":"https:\/\/doguhabertv.com\/index.php?rest_route=\/wp\/v2\/posts\/2776\/revisions"}],"predecessor-version":[{"id":2778,"href":"https:\/\/doguhabertv.com\/index.php?rest_route=\/wp\/v2\/posts\/2776\/revisions\/2778"}],"wp:featuredmedia":[{"embeddable":true,"href":"https:\/\/doguhabertv.com\/index.php?rest_route=\/wp\/v2\/media\/2777"}],"wp:attachment":[{"href":"https:\/\/doguhabertv.com\/index.php?rest_route=%2Fwp%2Fv2%2Fmedia&parent=2776"}],"wp:term":[{"taxonomy":"category","embeddable":true,"href":"https:\/\/doguhabertv.com\/index.php?rest_route=%2Fwp%2Fv2%2Fcategories&post=2776"},{"taxonomy":"post_tag","embeddable":true,"href":"https:\/\/doguhabertv.com\/index.php?rest_route=%2Fwp%2Fv2%2Ftags&post=2776"}],"curies":[{"name":"wp","href":"https:\/\/api.w.org\/{rel}","templated":true}]}}