{"id":2747,"date":"2025-01-07T13:46:57","date_gmt":"2025-01-07T13:46:57","guid":{"rendered":"https:\/\/doguhabertv.com\/?p=2747"},"modified":"2025-01-07T13:46:57","modified_gmt":"2025-01-07T13:46:57","slug":"bitliste-24-kacak-gocmen-yakalandi","status":"publish","type":"post","link":"https:\/\/doguhabertv.com\/?p=2747","title":{"rendered":"Bitlis&#8217;te 24 Ka\u00e7ak G\u00f6\u00e7men Yakaland\u0131"},"content":{"rendered":"<p><strong>B\u0130TL\u0130S k\u0131rsal\u0131nda jandarma ekiplerinin denetimlerinde, yurda yasa d\u0131\u015f\u0131 yollarla girdikleri belirlenen\u00a0Afganistan\u00a0uyruklu 24 ka\u00e7ak g\u00f6\u00e7men yakaland\u0131.<\/strong><\/p>\n<p>\u0130l\u00a0Jandarma\u00a0Komutanl\u0131\u011f\u0131 taraf\u0131ndan ka\u00e7ak g\u00f6\u00e7menlere y\u00f6nelik \u00e7al\u0131\u015fmalar aral\u0131ks\u0131z devam ederken; ekipler\u00a0Tatvan\u00a0il\u00e7esi k\u0131rsal\u0131nda denetimler yapt\u0131. Denetimlerde yurda yasa d\u0131\u015f\u0131 yollarla girdikleri belirlenen Afganistan uyruklu 24 ka\u00e7ak g\u00f6\u00e7men yakaland\u0131.\u00a0G\u00f6\u00e7menler, jandarmadaki i\u015flemlerinin ard\u0131ndan s\u0131n\u0131r d\u0131\u015f\u0131 edilmek \u00fczere\u00a0\u0130l G\u00f6\u00e7 \u0130daresi M\u00fcd\u00fcrl\u00fc\u011f\u00fc&#8217;ne teslim edildi.<\/p>\n<p><strong>KAYNAK:SONDAK\u0130KA<\/strong><\/p>\n<p>&nbsp;<\/p>\n","protected":false},"excerpt":{"rendered":"<p>B\u0130TL\u0130S k\u0131rsal\u0131nda jandarma ekiplerinin denetimlerinde, yurda yasa d\u0131\u015f\u0131 yollarla girdikleri belirlenen\u00a0Afganistan\u00a0uyruklu 24 ka\u00e7ak g\u00f6\u00e7men yakaland\u0131. \u0130l\u00a0Jandarma\u00a0Komutanl\u0131\u011f\u0131 taraf\u0131ndan ka\u00e7ak g\u00f6\u00e7menlere y\u00f6nelik \u00e7al\u0131\u015fmalar aral\u0131ks\u0131z devam ederken; ekipler\u00a0Tatvan\u00a0il\u00e7esi k\u0131rsal\u0131nda denetimler yapt\u0131. Denetimlerde yurda yasa d\u0131\u015f\u0131 yollarla girdikleri belirlenen Afganistan uyruklu 24 ka\u00e7ak g\u00f6\u00e7men yakaland\u0131.\u00a0G\u00f6\u00e7menler, jandarmadaki i\u015flemlerinin ard\u0131ndan s\u0131n\u0131r d\u0131\u015f\u0131 edilmek \u00fczere\u00a0\u0130l G\u00f6\u00e7 \u0130daresi M\u00fcd\u00fcrl\u00fc\u011f\u00fc&#8217;ne teslim edildi. KAYNAK:SONDAK\u0130KA &nbsp;<\/p>\n","protected":false},"author":1,"featured_media":2748,"comment_status":"open","ping_status":"closed","sticky":false,"template":"","format":"standard","meta":{"footnotes":""},"categories":[8,2300],"tags":[2321,2322,2350,2379,2320,480,588,835,1043],"class_list":["post-2747","post","type-post","status-publish","format-standard","has-post-thumbnail","hentry","category-gundem","category-haber","tag-bitlis","tag-gocmen","tag-jandarma","tag-sinirdisi","tag-yakalanma","tag-denetim","tag-ekip","tag-haber","tag-kacak"],"_links":{"self":[{"href":"https:\/\/doguhabertv.com\/index.php?rest_route=\/wp\/v2\/posts\/2747","targetHints":{"allow":["GET"]}}],"collection":[{"href":"https:\/\/doguhabertv.com\/index.php?rest_route=\/wp\/v2\/posts"}],"about":[{"href":"https:\/\/doguhabertv.com\/index.php?rest_route=\/wp\/v2\/types\/post"}],"author":[{"embeddable":true,"href":"https:\/\/doguhabertv.com\/index.php?rest_route=\/wp\/v2\/users\/1"}],"replies":[{"embeddable":true,"href":"https:\/\/doguhabertv.com\/index.php?rest_route=%2Fwp%2Fv2%2Fcomments&post=2747"}],"version-history":[{"count":1,"href":"https:\/\/doguhabertv.com\/index.php?rest_route=\/wp\/v2\/posts\/2747\/revisions"}],"predecessor-version":[{"id":2749,"href":"https:\/\/doguhabertv.com\/index.php?rest_route=\/wp\/v2\/posts\/2747\/revisions\/2749"}],"wp:featuredmedia":[{"embeddable":true,"href":"https:\/\/doguhabertv.com\/index.php?rest_route=\/wp\/v2\/media\/2748"}],"wp:attachment":[{"href":"https:\/\/doguhabertv.com\/index.php?rest_route=%2Fwp%2Fv2%2Fmedia&parent=2747"}],"wp:term":[{"taxonomy":"category","embeddable":true,"href":"https:\/\/doguhabertv.com\/index.php?rest_route=%2Fwp%2Fv2%2Fcategories&post=2747"},{"taxonomy":"post_tag","embeddable":true,"href":"https:\/\/doguhabertv.com\/index.php?rest_route=%2Fwp%2Fv2%2Ftags&post=2747"}],"curies":[{"name":"wp","href":"https:\/\/api.w.org\/{rel}","templated":true}]}}