{"id":2741,"date":"2025-01-07T13:43:35","date_gmt":"2025-01-07T13:43:35","guid":{"rendered":"https:\/\/doguhabertv.com\/?p=2741"},"modified":"2025-01-07T13:43:35","modified_gmt":"2025-01-07T13:43:35","slug":"musta-tarim-araclari-yanginda-yandi","status":"publish","type":"post","link":"https:\/\/doguhabertv.com\/?p=2741","title":{"rendered":"Mu\u015f&#8217;ta Tar\u0131m Ara\u00e7lar\u0131 Yang\u0131nda Yand\u0131"},"content":{"rendered":"<p><strong>Mu\u015f&#8217;un\u00a0Ye\u015filova\u00a0beldesinde gece saatlerinde \u00e7\u0131kan yang\u0131nda bir \u00e7ift\u00e7iye ait tar\u0131m ara\u00e7 ve gere\u00e7leri yanarak kullan\u0131lamaz hale geldi.<\/strong><\/p>\n<p>Ye\u015filova beldesinde ya\u015fayan Mahmut Dedebay&#8217;a ait tar\u0131m aletlerinin bulundu\u011fu alanda \u00e7\u0131kan yang\u0131n, 40 y\u0131ll\u0131k eme\u011fi k\u00fcl etti. Yang\u0131n gece saatlerinde meydana gelirken, yakla\u015f\u0131k 4 milyon liral\u0131k zarar olu\u015ftu.\u00a0Tar\u0131m\u00a0aletleri deposunda ba\u015flayan yang\u0131n, k\u0131sa s\u00fcrede b\u00fcy\u00fcyerek t\u00fcm alan\u0131 sard\u0131. K\u00f6y korucular\u0131, n\u00f6bet esnas\u0131nda fark etti\u011fi yang\u0131n\u0131 112 Acil \u00c7a\u011fr\u0131 Merkezine bildirdi. \u0130hbar \u00fczerine olay yerine itfaiye ve jandarma ekipleri sevk edildi. Ekiplerin m\u00fcdahalesine ra\u011fmen depoda bulunan trakt\u00f6r, r\u00f6mork, patoz, sulama aletleri, tar\u0131m ara\u00e7-gere\u00e7leri ve tonlarca saman tamamen yanarak kullan\u0131lamaz hale geldi. Yang\u0131n\u0131n \u00e7\u0131k\u0131\u015f nedeni hen\u00fcz belirlenemezken olayla ilgili soru\u015fturma ba\u015flat\u0131ld\u0131.<\/p>\n<div id=\"inpage_desktop\"><\/div>\n<p>Yang\u0131nda y\u0131llar\u0131n eme\u011fini kaybeden Mahmut Dedebay, &#8220;40 y\u0131ld\u0131r \u00e7ift\u00e7ilik yap\u0131yorum. O g\u00fcnden beri yapm\u0131\u015f oldu\u011fum birikimimdir. Gece saat 12.00&#8217;de eve yatmaya geldim. Saat 03.30 civar\u0131nda korucular beni uyand\u0131rd\u0131 ve yang\u0131n oldu\u011funu s\u00f6ylediler. Kalkt\u0131k, s\u00f6nd\u00fcrmeye \u00e7al\u0131\u015ft\u0131k ve s\u00f6nd\u00fcremedik. \u0130\u015fte 40 y\u0131ll\u0131k eme\u011fim yand\u0131. \u0130ki r\u00f6mork, iki trakt\u00f6r, mazot tank\u0131, su santrhaf makinesi ve patos yand\u0131. Kom\u015fular\u0131m\u0131zla beraber hesaplad\u0131k, zarar\u0131m 4 milyon civar\u0131 olarak hesaplad\u0131k&#8221; dedi.<\/p>\n<p>Gece lastiklerin patlama sesiyle uyand\u0131\u011f\u0131n\u0131 s\u00f6yleyen belde sakinlerinden\u00a0Mehmet Y\u0131ld\u0131z\u00a0ise &#8220;\u0130lk \u00f6nce deprem oldu zannettim d\u0131\u015far\u0131 \u00e7\u0131k\u0131nca alevleri g\u00f6rd\u00fcm. Alevleri g\u00f6r\u00fcnce ko\u015ftum geldim kom\u015fular yard\u0131m ediyorlard\u0131. Saat 04.00 civar\u0131 yanan ara\u00e7lar\u0131 oradan \u00e7\u0131kard\u0131k. Bir trakt\u00f6r\u00fc kurtard\u0131k biraz daha ge\u00e7 kalsayd\u0131k o da yanacakt\u0131. Maddi hasar b\u00fcy\u00fck ama ne yapal\u0131m birbirimizi teselli ediyoruz. Arkada\u015f\u0131m\u0131z\u0131n 40 y\u0131ll\u0131k eme\u011fi, \u00e7oluk \u00e7ocuklar\u0131yla beraber \u00e7al\u0131\u015f\u0131p biriktirdi\u011fi malzemeydi ve bir gecede hepsi yand\u0131 gitti. Ye\u015filova halk\u0131 olarak, akraba ve kom\u015fular\u0131 olarak hepimiz \u00fcz\u00fcnt\u00fc i\u00e7indeyiz&#8221; \u015feklinde konu\u015ftu.<\/p>\n<p><strong>KAYNAK:SONDAK\u0130KA<\/strong><\/p>\n","protected":false},"excerpt":{"rendered":"<p>Mu\u015f&#8217;un\u00a0Ye\u015filova\u00a0beldesinde gece saatlerinde \u00e7\u0131kan yang\u0131nda bir \u00e7ift\u00e7iye ait tar\u0131m ara\u00e7 ve gere\u00e7leri yanarak kullan\u0131lamaz hale geldi. Ye\u015filova beldesinde ya\u015fayan Mahmut Dedebay&#8217;a ait tar\u0131m aletlerinin bulundu\u011fu alanda \u00e7\u0131kan yang\u0131n, 40 y\u0131ll\u0131k eme\u011fi k\u00fcl etti. Yang\u0131n gece saatlerinde meydana gelirken, yakla\u015f\u0131k 4 milyon liral\u0131k zarar olu\u015ftu.\u00a0Tar\u0131m\u00a0aletleri deposunda ba\u015flayan yang\u0131n, k\u0131sa s\u00fcrede b\u00fcy\u00fcyerek t\u00fcm alan\u0131 sard\u0131. K\u00f6y korucular\u0131, [&hellip;]<\/p>\n","protected":false},"author":1,"featured_media":2742,"comment_status":"open","ping_status":"closed","sticky":false,"template":"","format":"standard","meta":{"footnotes":""},"categories":[8,2300],"tags":[2345,2302,145,835,1994,2190],"class_list":["post-2741","post","type-post","status-publish","format-standard","has-post-thumbnail","hentry","category-gundem","category-haber","tag-mus","tag-sorusturma","tag-arac","tag-haber","tag-tarim","tag-yangin"],"_links":{"self":[{"href":"https:\/\/doguhabertv.com\/index.php?rest_route=\/wp\/v2\/posts\/2741","targetHints":{"allow":["GET"]}}],"collection":[{"href":"https:\/\/doguhabertv.com\/index.php?rest_route=\/wp\/v2\/posts"}],"about":[{"href":"https:\/\/doguhabertv.com\/index.php?rest_route=\/wp\/v2\/types\/post"}],"author":[{"embeddable":true,"href":"https:\/\/doguhabertv.com\/index.php?rest_route=\/wp\/v2\/users\/1"}],"replies":[{"embeddable":true,"href":"https:\/\/doguhabertv.com\/index.php?rest_route=%2Fwp%2Fv2%2Fcomments&post=2741"}],"version-history":[{"count":1,"href":"https:\/\/doguhabertv.com\/index.php?rest_route=\/wp\/v2\/posts\/2741\/revisions"}],"predecessor-version":[{"id":2743,"href":"https:\/\/doguhabertv.com\/index.php?rest_route=\/wp\/v2\/posts\/2741\/revisions\/2743"}],"wp:featuredmedia":[{"embeddable":true,"href":"https:\/\/doguhabertv.com\/index.php?rest_route=\/wp\/v2\/media\/2742"}],"wp:attachment":[{"href":"https:\/\/doguhabertv.com\/index.php?rest_route=%2Fwp%2Fv2%2Fmedia&parent=2741"}],"wp:term":[{"taxonomy":"category","embeddable":true,"href":"https:\/\/doguhabertv.com\/index.php?rest_route=%2Fwp%2Fv2%2Fcategories&post=2741"},{"taxonomy":"post_tag","embeddable":true,"href":"https:\/\/doguhabertv.com\/index.php?rest_route=%2Fwp%2Fv2%2Ftags&post=2741"}],"curies":[{"name":"wp","href":"https:\/\/api.w.org\/{rel}","templated":true}]}}