{"id":2738,"date":"2025-01-07T13:42:03","date_gmt":"2025-01-07T13:42:03","guid":{"rendered":"https:\/\/doguhabertv.com\/?p=2738"},"modified":"2025-01-07T13:42:03","modified_gmt":"2025-01-07T13:42:03","slug":"bingolde-kacak-kazi-yapan-2-kisi-yakalandi","status":"publish","type":"post","link":"https:\/\/doguhabertv.com\/?p=2738","title":{"rendered":"Bing\u00f6l&#8217;de Ka\u00e7ak Kaz\u0131 Yapan 2 Ki\u015fi Yakaland\u0131"},"content":{"rendered":"<p><strong>Bing\u00f6l&#8217;de ka\u00e7ak kaz\u0131 yapt\u0131klar\u0131 belirlenen 2 ki\u015fi, jandarma ekiplerince yakaland\u0131.<\/strong><\/p>\n<p>Bing\u00f6l il\u00a0Jandarma\u00a0Komutanl\u0131\u011f\u0131 sorumluluk b\u00f6lgesinde ka\u00e7ak kaz\u0131 ve tarihi eser ka\u00e7ak\u00e7\u0131l\u0131\u011f\u0131 olaylar\u0131n\u0131n \u00f6nlenmesini sa\u011flamak amac\u0131yla \u00e7al\u0131\u015fma ger\u00e7ekle\u015ftirildi. Merkez il\u00e7e Jandarma Komutanl\u0131\u011f\u0131 ve \u0130stihbarat \u015eube M\u00fcd\u00fcrl\u00fc\u011f\u00fc ekiplerince yap\u0131lan istihbari \u00e7al\u0131\u015fmalar neticesinde merkez il\u00e7e m\u00fclki s\u0131n\u0131rlar i\u00e7erisinde ka\u00e7ak kaz\u0131 yapt\u0131\u011f\u0131 tespit edilen 2 \u015f\u00fcpheli \u015fah\u0131s yakalanarak su\u00e7a konu muhtelif malzeme ele ge\u00e7irildi. S\u00f6z konusu olaylarda yakalanan \u015f\u00fcpheli \u015fah\u0131slar hakk\u0131nda cumhuriyet savc\u0131s\u0131n\u0131n talimatlar\u0131 do\u011frultusunda adli i\u015flemlere ba\u015fland\u0131.<\/p>\n<p><strong>KAYNAK:SONDAK\u0130KA<\/strong><\/p>\n","protected":false},"excerpt":{"rendered":"<p>Bing\u00f6l&#8217;de ka\u00e7ak kaz\u0131 yapt\u0131klar\u0131 belirlenen 2 ki\u015fi, jandarma ekiplerince yakaland\u0131. Bing\u00f6l il\u00a0Jandarma\u00a0Komutanl\u0131\u011f\u0131 sorumluluk b\u00f6lgesinde ka\u00e7ak kaz\u0131 ve tarihi eser ka\u00e7ak\u00e7\u0131l\u0131\u011f\u0131 olaylar\u0131n\u0131n \u00f6nlenmesini sa\u011flamak amac\u0131yla \u00e7al\u0131\u015fma ger\u00e7ekle\u015ftirildi. Merkez il\u00e7e Jandarma Komutanl\u0131\u011f\u0131 ve \u0130stihbarat \u015eube M\u00fcd\u00fcrl\u00fc\u011f\u00fc ekiplerince yap\u0131lan istihbari \u00e7al\u0131\u015fmalar neticesinde merkez il\u00e7e m\u00fclki s\u0131n\u0131rlar i\u00e7erisinde ka\u00e7ak kaz\u0131 yapt\u0131\u011f\u0131 tespit edilen 2 \u015f\u00fcpheli \u015fah\u0131s yakalanarak su\u00e7a konu [&hellip;]<\/p>\n","protected":false},"author":1,"featured_media":2739,"comment_status":"open","ping_status":"closed","sticky":false,"template":"","format":"standard","meta":{"footnotes":""},"categories":[8,2300],"tags":[2377,2342,2320,835,1043,1141],"class_list":["post-2738","post","type-post","status-publish","format-standard","has-post-thumbnail","hentry","category-gundem","category-haber","tag-adliislem","tag-bingol","tag-yakalanma","tag-haber","tag-kacak","tag-kazi"],"_links":{"self":[{"href":"https:\/\/doguhabertv.com\/index.php?rest_route=\/wp\/v2\/posts\/2738","targetHints":{"allow":["GET"]}}],"collection":[{"href":"https:\/\/doguhabertv.com\/index.php?rest_route=\/wp\/v2\/posts"}],"about":[{"href":"https:\/\/doguhabertv.com\/index.php?rest_route=\/wp\/v2\/types\/post"}],"author":[{"embeddable":true,"href":"https:\/\/doguhabertv.com\/index.php?rest_route=\/wp\/v2\/users\/1"}],"replies":[{"embeddable":true,"href":"https:\/\/doguhabertv.com\/index.php?rest_route=%2Fwp%2Fv2%2Fcomments&post=2738"}],"version-history":[{"count":1,"href":"https:\/\/doguhabertv.com\/index.php?rest_route=\/wp\/v2\/posts\/2738\/revisions"}],"predecessor-version":[{"id":2740,"href":"https:\/\/doguhabertv.com\/index.php?rest_route=\/wp\/v2\/posts\/2738\/revisions\/2740"}],"wp:featuredmedia":[{"embeddable":true,"href":"https:\/\/doguhabertv.com\/index.php?rest_route=\/wp\/v2\/media\/2739"}],"wp:attachment":[{"href":"https:\/\/doguhabertv.com\/index.php?rest_route=%2Fwp%2Fv2%2Fmedia&parent=2738"}],"wp:term":[{"taxonomy":"category","embeddable":true,"href":"https:\/\/doguhabertv.com\/index.php?rest_route=%2Fwp%2Fv2%2Fcategories&post=2738"},{"taxonomy":"post_tag","embeddable":true,"href":"https:\/\/doguhabertv.com\/index.php?rest_route=%2Fwp%2Fv2%2Ftags&post=2738"}],"curies":[{"name":"wp","href":"https:\/\/api.w.org\/{rel}","templated":true}]}}