{"id":2729,"date":"2025-01-07T13:36:11","date_gmt":"2025-01-07T13:36:11","guid":{"rendered":"https:\/\/doguhabertv.com\/?p=2729"},"modified":"2025-01-07T13:36:11","modified_gmt":"2025-01-07T13:36:11","slug":"erzurum-2025-turizm-baskenti-oldu","status":"publish","type":"post","link":"https:\/\/doguhabertv.com\/?p=2729","title":{"rendered":"Erzurum 2025 Turizm Ba\u015fkenti Oldu"},"content":{"rendered":"<p><strong>Ekonomik \u0130\u015fbirli\u011fi Te\u015fkilat\u0131 (E\u0130T) taraf\u0131ndan\u00a0Erzurum&#8217;un &#8220;2025\u00a0Turizm\u00a0Ba\u015fkenti&#8221; ilan edilmesiyle kentte y\u0131l boyu k\u00fclt\u00fcr, sanat ve\u00a0spor\u00a0alan\u0131nda d\u00fczenlenecek etkinlikler kapsam\u0131nda k\u0131\u015f sporlar\u0131 yar\u0131\u015flar\u0131 ba\u015flad\u0131.<\/strong><\/p>\n<p>12 Ocak tarihine s\u00fcrecek organizasyonun ilk g\u00fcn\u00fcnde, Paland\u00f6ken\u00a0Kayak Merkezi&#8217;nde Alp disiplini kayak ve snowboard yar\u0131\u015flar\u0131, Paland\u00f6ken 2000&#8217;lik buz salonunda s\u00fcrat pateni yar\u0131\u015f\u0131 (Short Track) ile curling m\u00fcsabakalar\u0131 yap\u0131ld\u0131.<\/p>\n<p>Kayak merkezindeki Alp disiplini ve snowboard \u00e7ocuk kupas\u0131 yar\u0131\u015flar\u0131na 141 sporcu kat\u0131ld\u0131.<\/p>\n<p>Uluslararas\u0131 Kayak Federasyonu Teknik Delegesi ve\u00a0T\u00fcrkiye Kayak Federasyonu\u00a0E\u0130T Organizasyon Sorumlusu Prof. Dr. Fatih K\u0131y\u0131c\u0131, gazetecilere yapt\u0131\u011f\u0131 a\u00e7\u0131klamada, Paland\u00f6ken&#8217;de iki bran\u015fta m\u00fcsabaka yap\u0131ld\u0131\u011f\u0131n\u0131 s\u00f6yledi.<\/p>\n<p>Yar\u0131\u015flara k\u00fc\u00e7\u00fck sporcular\u0131n kat\u0131ld\u0131\u011f\u0131n\u0131 belirten K\u0131y\u0131c\u0131, &#8220;Bug\u00fcn snowboard bran\u015f\u0131nda T\u00fcrkiye&#8217;nin ilk \u00e7ocuk kupas\u0131n\u0131, Alp disiplininde ise ikinci \u00e7ocuk kupas\u0131 yar\u0131\u015flar\u0131n\u0131 yap\u0131yoruz. T\u00fcrkiye ile 7 \u00fclkeden 101 alp disiplini, snowboard bran\u015f\u0131nda ise yakla\u015f\u0131k 40 sporcu yar\u0131\u015f\u0131yor. Sporcular\u0131n ya\u015flar\u0131 10-15 ya\u015f aral\u0131\u011f\u0131nda. Yar\u0131n b\u00fcy\u00fck slalom ile oyunlardaki yar\u0131\u015flar\u0131 tamamlam\u0131\u015f olaca\u011f\u0131z.&#8221; diye konu\u015ftu.<\/p>\n<p>Kentte farkl\u0131 m\u00fcsabakalar\u0131n da yap\u0131ld\u0131\u011f\u0131n\u0131 ifade eden K\u0131y\u0131c\u0131, \u015f\u00f6yle konu\u015ftu:<\/p>\n<p>&#8220;Kar sporlar\u0131 olarak snowboard ve alp disiplini, buz sporlar\u0131 ise curling ve buz hokeyi \u015fehirdeki salonlarda yap\u0131l\u0131yor. Kar voleybolu ve da\u011f kaya\u011f\u0131 yar\u0131\u015fmalar\u0131 da olacak. Burada temel ama\u00e7 organizasyon kapsam\u0131nda \u00f6zellikle d\u00fcnyada ve T\u00fcrkiye&#8217;de \u00e7ok az yar\u0131\u015fmas\u0131 olan \u00e7ocuk ya\u015ftaki sporcular\u0131m\u0131z\u0131n gelece\u011fi i\u00e7in tecr\u00fcbe edinmelerini sa\u011flamak. Erzurum&#8217;a gelip bu g\u00fczel kayak merkezini tan\u0131y\u0131p bundan sonraki yar\u0131\u015fmalarda yine buray\u0131 tercih etmelerini sa\u011flamak. Yar\u0131\u015fmalarla Erzurum&#8217;u ve Paland\u00f6ken&#8217;in tan\u0131nmas\u0131n\u0131 sa\u011flamay\u0131 ama\u00e7l\u0131yoruz. A\u00e7\u0131l\u0131\u015fta kentin k\u00fclt\u00fcrel tan\u0131t\u0131m\u0131 yap\u0131ld\u0131 biz bunu ilk defa yapt\u0131k. Erzurum&#8217;da bundan sonra her y\u0131l Paland\u00f6ken\u00a0\u00c7ocuk\u00a0Kupas\u0131 yar\u0131\u015flar\u0131n\u0131 devam ettirmeyi d\u00fc\u015f\u00fcn\u00fcyoruz.&#8221;<\/p>\n<p><strong>KAYNAK:SONDAK\u0130KA<\/strong><\/p>\n","protected":false},"excerpt":{"rendered":"<p>Ekonomik \u0130\u015fbirli\u011fi Te\u015fkilat\u0131 (E\u0130T) taraf\u0131ndan\u00a0Erzurum&#8217;un &#8220;2025\u00a0Turizm\u00a0Ba\u015fkenti&#8221; ilan edilmesiyle kentte y\u0131l boyu k\u00fclt\u00fcr, sanat ve\u00a0spor\u00a0alan\u0131nda d\u00fczenlenecek etkinlikler kapsam\u0131nda k\u0131\u015f sporlar\u0131 yar\u0131\u015flar\u0131 ba\u015flad\u0131. 12 Ocak tarihine s\u00fcrecek organizasyonun ilk g\u00fcn\u00fcnde, Paland\u00f6ken\u00a0Kayak Merkezi&#8217;nde Alp disiplini kayak ve snowboard yar\u0131\u015flar\u0131, Paland\u00f6ken 2000&#8217;lik buz salonunda s\u00fcrat pateni yar\u0131\u015f\u0131 (Short Track) ile curling m\u00fcsabakalar\u0131 yap\u0131ld\u0131. Kayak merkezindeki Alp disiplini ve snowboard [&hellip;]<\/p>\n","protected":false},"author":1,"featured_media":2730,"comment_status":"open","ping_status":"closed","sticky":false,"template":"","format":"standard","meta":{"footnotes":""},"categories":[8,2300],"tags":[2372,2306,2370,2371,2369,246,835,1152,1257,1927,2206],"class_list":["post-2729","post","type-post","status-publish","format-standard","has-post-thumbnail","hentry","category-gundem","category-haber","tag-duzenleme","tag-erzurum","tag-etkinlik","tag-sanat","tag-turizm","tag-baskent","tag-haber","tag-kent","tag-kultur","tag-spor","tag-yaris"],"_links":{"self":[{"href":"https:\/\/doguhabertv.com\/index.php?rest_route=\/wp\/v2\/posts\/2729","targetHints":{"allow":["GET"]}}],"collection":[{"href":"https:\/\/doguhabertv.com\/index.php?rest_route=\/wp\/v2\/posts"}],"about":[{"href":"https:\/\/doguhabertv.com\/index.php?rest_route=\/wp\/v2\/types\/post"}],"author":[{"embeddable":true,"href":"https:\/\/doguhabertv.com\/index.php?rest_route=\/wp\/v2\/users\/1"}],"replies":[{"embeddable":true,"href":"https:\/\/doguhabertv.com\/index.php?rest_route=%2Fwp%2Fv2%2Fcomments&post=2729"}],"version-history":[{"count":1,"href":"https:\/\/doguhabertv.com\/index.php?rest_route=\/wp\/v2\/posts\/2729\/revisions"}],"predecessor-version":[{"id":2731,"href":"https:\/\/doguhabertv.com\/index.php?rest_route=\/wp\/v2\/posts\/2729\/revisions\/2731"}],"wp:featuredmedia":[{"embeddable":true,"href":"https:\/\/doguhabertv.com\/index.php?rest_route=\/wp\/v2\/media\/2730"}],"wp:attachment":[{"href":"https:\/\/doguhabertv.com\/index.php?rest_route=%2Fwp%2Fv2%2Fmedia&parent=2729"}],"wp:term":[{"taxonomy":"category","embeddable":true,"href":"https:\/\/doguhabertv.com\/index.php?rest_route=%2Fwp%2Fv2%2Fcategories&post=2729"},{"taxonomy":"post_tag","embeddable":true,"href":"https:\/\/doguhabertv.com\/index.php?rest_route=%2Fwp%2Fv2%2Ftags&post=2729"}],"curies":[{"name":"wp","href":"https:\/\/api.w.org\/{rel}","templated":true}]}}