{"id":2718,"date":"2025-01-04T13:10:01","date_gmt":"2025-01-04T13:10:01","guid":{"rendered":"https:\/\/doguhabertv.com\/?p=2718"},"modified":"2025-01-04T13:10:01","modified_gmt":"2025-01-04T13:10:01","slug":"semra-demirelli-hayatini-kaybetti","status":"publish","type":"post","link":"https:\/\/doguhabertv.com\/?p=2718","title":{"rendered":"Semra Demirelli Hayat\u0131n\u0131 Kaybetti"},"content":{"rendered":"<p><strong>Elaz\u0131\u011f&#8217;da erkek arkada\u015f\u0131 taraf\u0131ndan silahla vurulan ve 48 g\u00fcnd\u00fcr yo\u011fun bak\u0131mda tedavi g\u00f6ren gazeteci Semra Demirelli, d\u00fcn ak\u015fam saatlerinde hayat\u0131n\u0131 kaybetti. Demirelli, bug\u00fcn \u00e7al\u0131\u015ft\u0131\u011f\u0131 Kanal F\u0131rat Televizyonu \u00f6n\u00fcnde d\u00fczenlenen anma program\u0131n\u0131n ard\u0131ndan \u0130mam-\u0131 Azam Camii&#8217;nde k\u0131l\u0131nan cenaze namaz\u0131 sonras\u0131 Asri Mezarl\u0131\u011f\u0131&#8217;nda topra\u011fa verildi.<\/strong><\/p>\n<p>Elaz\u0131\u011f&#8217;da erkek arkada\u015f\u0131 taraf\u0131ndan silahla vurulan ve 48 g\u00fcnd\u00fcr yo\u011fun bak\u0131mda tedavi g\u00f6ren Kanal F\u0131rat Televizyonu muhabiri Semra Demirelli, hayat\u0131n\u0131 kaybetti. 15 Kas\u0131m&#8217;da Abdullahpa\u015fa Mahallesi&#8217;nde erkek arkada\u015f\u0131 Vahap \u00c7etin taraf\u0131ndan evinde silahla vurulan Demirelli, a\u011f\u0131r yaral\u0131 olarak F\u0131rat \u00dcniversitesi Hastanesi&#8217;ne kald\u0131r\u0131lm\u0131\u015f ve yo\u011fun bak\u0131m \u00fcnitesinde tedavi alt\u0131na al\u0131nm\u0131\u015ft\u0131. Ancak gen\u00e7 gazeteci, t\u00fcm m\u00fcdahalelere ra\u011fmen ya\u015fam m\u00fccadelesini kaybetti. Semra Demirelli i\u00e7in bug\u00fcn \u00e7al\u0131\u015ft\u0131\u011f\u0131 Kanal F\u0131rat Televizyonu \u00f6n\u00fcnde bir anma program\u0131 d\u00fczenlendi. Meslekta\u015flar\u0131, ailesi ve sevenlerinin kat\u0131ld\u0131\u011f\u0131 t\u00f6rende, Demirelli&#8217;nin mesle\u011fine olan ba\u011fl\u0131l\u0131\u011f\u0131 ve g\u00fczel ki\u015fili\u011fi anlat\u0131ld\u0131. Duygusal anlar\u0131n ya\u015fand\u0131\u011f\u0131 programda, meslekta\u015flar\u0131 onu &#8220;g\u00fcler y\u00fczl\u00fc ve azimli bir gazeteci&#8221; olarak and\u0131.<\/p>\n<p>Anma program\u0131n\u0131n ard\u0131ndan Demirelli, \u0130mam-\u0131 Azam Camii&#8217;nde k\u0131l\u0131nan \u00f6\u011fle namaz\u0131n\u0131 m\u00fcteakip cenaze namaz\u0131yla birlikte Elaz\u0131\u011f Asri Mezarl\u0131\u011f\u0131&#8217;na defnedildi.<\/p>\n<p><strong>KAYNAK:SONDAK\u0130KA<\/strong><\/p>\n","protected":false},"excerpt":{"rendered":"<p>Elaz\u0131\u011f&#8217;da erkek arkada\u015f\u0131 taraf\u0131ndan silahla vurulan ve 48 g\u00fcnd\u00fcr yo\u011fun bak\u0131mda tedavi g\u00f6ren gazeteci Semra Demirelli, d\u00fcn ak\u015fam saatlerinde hayat\u0131n\u0131 kaybetti. Demirelli, bug\u00fcn \u00e7al\u0131\u015ft\u0131\u011f\u0131 Kanal F\u0131rat Televizyonu \u00f6n\u00fcnde d\u00fczenlenen anma program\u0131n\u0131n ard\u0131ndan \u0130mam-\u0131 Azam Camii&#8217;nde k\u0131l\u0131nan cenaze namaz\u0131 sonras\u0131 Asri Mezarl\u0131\u011f\u0131&#8217;nda topra\u011fa verildi. Elaz\u0131\u011f&#8217;da erkek arkada\u015f\u0131 taraf\u0131ndan silahla vurulan ve 48 g\u00fcnd\u00fcr yo\u011fun bak\u0131mda tedavi [&hellip;]<\/p>\n","protected":false},"author":1,"featured_media":2719,"comment_status":"open","ping_status":"closed","sticky":false,"template":"","format":"standard","meta":{"footnotes":""},"categories":[8,2300],"tags":[2368,2367,2366,592,835],"class_list":["post-2718","post","type-post","status-publish","format-standard","has-post-thumbnail","hentry","category-gundem","category-haber","tag-cenaze","tag-gazeteci","tag-vefat","tag-elazig","tag-haber"],"_links":{"self":[{"href":"https:\/\/doguhabertv.com\/index.php?rest_route=\/wp\/v2\/posts\/2718","targetHints":{"allow":["GET"]}}],"collection":[{"href":"https:\/\/doguhabertv.com\/index.php?rest_route=\/wp\/v2\/posts"}],"about":[{"href":"https:\/\/doguhabertv.com\/index.php?rest_route=\/wp\/v2\/types\/post"}],"author":[{"embeddable":true,"href":"https:\/\/doguhabertv.com\/index.php?rest_route=\/wp\/v2\/users\/1"}],"replies":[{"embeddable":true,"href":"https:\/\/doguhabertv.com\/index.php?rest_route=%2Fwp%2Fv2%2Fcomments&post=2718"}],"version-history":[{"count":1,"href":"https:\/\/doguhabertv.com\/index.php?rest_route=\/wp\/v2\/posts\/2718\/revisions"}],"predecessor-version":[{"id":2720,"href":"https:\/\/doguhabertv.com\/index.php?rest_route=\/wp\/v2\/posts\/2718\/revisions\/2720"}],"wp:featuredmedia":[{"embeddable":true,"href":"https:\/\/doguhabertv.com\/index.php?rest_route=\/wp\/v2\/media\/2719"}],"wp:attachment":[{"href":"https:\/\/doguhabertv.com\/index.php?rest_route=%2Fwp%2Fv2%2Fmedia&parent=2718"}],"wp:term":[{"taxonomy":"category","embeddable":true,"href":"https:\/\/doguhabertv.com\/index.php?rest_route=%2Fwp%2Fv2%2Fcategories&post=2718"},{"taxonomy":"post_tag","embeddable":true,"href":"https:\/\/doguhabertv.com\/index.php?rest_route=%2Fwp%2Fv2%2Ftags&post=2718"}],"curies":[{"name":"wp","href":"https:\/\/api.w.org\/{rel}","templated":true}]}}