{"id":2715,"date":"2025-01-04T13:07:44","date_gmt":"2025-01-04T13:07:44","guid":{"rendered":"https:\/\/doguhabertv.com\/?p=2715"},"modified":"2025-01-04T13:07:44","modified_gmt":"2025-01-04T13:07:44","slug":"malatyada-yangin","status":"publish","type":"post","link":"https:\/\/doguhabertv.com\/?p=2715","title":{"rendered":"Malatya&#8217;da Yang\u0131n"},"content":{"rendered":"<p><strong>Malatya&#8217;da bir i\u015fyerinde \u00e7\u0131kan yang\u0131n itfaiye taraf\u0131ndan s\u00f6nd\u00fcr\u00fcld\u00fc.<\/strong><\/p>\n<p>Olay, 08.00 s\u0131rlar\u0131nda\u00a0Ye\u015filyurt\u00a0il\u00e7esi\u00a0\u0130n\u00f6n\u00fc\u00a0Mahallesi&#8217;nde meydana geldi. Edinilen bilgilere g\u00f6re, Terminal caddesi \u00fczerinde faaliyet g\u00f6steren bir i\u015fyerinde hen\u00fcz bilinmeyen bir nedenden dolay\u0131 yang\u0131n \u00e7\u0131kt\u0131. \u0130hbar \u00fczerine b\u00f6lgeye itfaiye ekipleri sevk edilirken, yang\u0131n ekiplerin m\u00fcdahalesiyle kontrol alt\u0131na al\u0131narak s\u00f6nd\u00fcr\u00fcld\u00fc.<\/p>\n<div id=\"inpage_desktop\"><\/div>\n<p>Yang\u0131nla ilgili inceleme ba\u015flat\u0131ld\u0131.<\/p>\n<p><strong>KAYNAK:SONDAK\u0130KA<\/strong><\/p>\n","protected":false},"excerpt":{"rendered":"<p>Malatya&#8217;da bir i\u015fyerinde \u00e7\u0131kan yang\u0131n itfaiye taraf\u0131ndan s\u00f6nd\u00fcr\u00fcld\u00fc. Olay, 08.00 s\u0131rlar\u0131nda\u00a0Ye\u015filyurt\u00a0il\u00e7esi\u00a0\u0130n\u00f6n\u00fc\u00a0Mahallesi&#8217;nde meydana geldi. Edinilen bilgilere g\u00f6re, Terminal caddesi \u00fczerinde faaliyet g\u00f6steren bir i\u015fyerinde hen\u00fcz bilinmeyen bir nedenden dolay\u0131 yang\u0131n \u00e7\u0131kt\u0131. \u0130hbar \u00fczerine b\u00f6lgeye itfaiye ekipleri sevk edilirken, yang\u0131n ekiplerin m\u00fcdahalesiyle kontrol alt\u0131na al\u0131narak s\u00f6nd\u00fcr\u00fcld\u00fc. Yang\u0131nla ilgili inceleme ba\u015flat\u0131ld\u0131. KAYNAK:SONDAK\u0130KA<\/p>\n","protected":false},"author":1,"featured_media":2716,"comment_status":"open","ping_status":"closed","sticky":false,"template":"","format":"standard","meta":{"footnotes":""},"categories":[8,2300],"tags":[2365,2359,835,1228,1321,2190],"class_list":["post-2715","post","type-post","status-publish","format-standard","has-post-thumbnail","hentry","category-gundem","category-haber","tag-inceleme","tag-itfaiye","tag-haber","tag-kontrol","tag-malatya","tag-yangin"],"_links":{"self":[{"href":"https:\/\/doguhabertv.com\/index.php?rest_route=\/wp\/v2\/posts\/2715","targetHints":{"allow":["GET"]}}],"collection":[{"href":"https:\/\/doguhabertv.com\/index.php?rest_route=\/wp\/v2\/posts"}],"about":[{"href":"https:\/\/doguhabertv.com\/index.php?rest_route=\/wp\/v2\/types\/post"}],"author":[{"embeddable":true,"href":"https:\/\/doguhabertv.com\/index.php?rest_route=\/wp\/v2\/users\/1"}],"replies":[{"embeddable":true,"href":"https:\/\/doguhabertv.com\/index.php?rest_route=%2Fwp%2Fv2%2Fcomments&post=2715"}],"version-history":[{"count":1,"href":"https:\/\/doguhabertv.com\/index.php?rest_route=\/wp\/v2\/posts\/2715\/revisions"}],"predecessor-version":[{"id":2717,"href":"https:\/\/doguhabertv.com\/index.php?rest_route=\/wp\/v2\/posts\/2715\/revisions\/2717"}],"wp:featuredmedia":[{"embeddable":true,"href":"https:\/\/doguhabertv.com\/index.php?rest_route=\/wp\/v2\/media\/2716"}],"wp:attachment":[{"href":"https:\/\/doguhabertv.com\/index.php?rest_route=%2Fwp%2Fv2%2Fmedia&parent=2715"}],"wp:term":[{"taxonomy":"category","embeddable":true,"href":"https:\/\/doguhabertv.com\/index.php?rest_route=%2Fwp%2Fv2%2Fcategories&post=2715"},{"taxonomy":"post_tag","embeddable":true,"href":"https:\/\/doguhabertv.com\/index.php?rest_route=%2Fwp%2Fv2%2Ftags&post=2715"}],"curies":[{"name":"wp","href":"https:\/\/api.w.org\/{rel}","templated":true}]}}