{"id":2712,"date":"2025-01-04T13:06:03","date_gmt":"2025-01-04T13:06:03","guid":{"rendered":"https:\/\/doguhabertv.com\/?p=2712"},"modified":"2025-01-04T13:06:03","modified_gmt":"2025-01-04T13:06:03","slug":"bitliste-kisin-zorlugu-hizmette-degismiyor","status":"publish","type":"post","link":"https:\/\/doguhabertv.com\/?p=2712","title":{"rendered":"Bitlis&#8217;te K\u0131\u015f\u0131n Zorlu\u011fu Hizmette De\u011fi\u015fmiyor"},"content":{"rendered":"<p><strong>Bitlis&#8217;te Aile ve Sosyal Hizmetler M\u00fcd\u00fcrl\u00fc\u011f\u00fc ekipleri, kar ve so\u011fuk havaya ra\u011fmen en \u00fccra yerle\u015fim birimlerine giderek evde bak\u0131m hizmeti alan 4 bin 653 ki\u015fiyi d\u00fczenli ziyaret edip devlet deste\u011finden faydalananlara destek oluyor.<\/strong><\/p>\n<p>Aile ve Sosyal Hizmetler Bakanl\u0131\u011f\u0131nca hayata ge\u00e7irilen Aile Sosyal Destek Program\u0131 (ASDEP) kapsam\u0131nda olu\u015fturulan ekip, yard\u0131mlar hakk\u0131nda bilgilendirdikleri ihtiya\u00e7 sahiplerini yerinde tespit ederek ailelere psikososyal destek sunuyor. Aralar\u0131nda sosyal hizmet uzman\u0131, psikolog, sosyolog ve rehberlerin bulundu\u011fu &#8220;k\u0131rm\u0131z\u0131 yelekliler&#8221;, kar ya\u011f\u0131\u015f\u0131 ve so\u011fuk havaya ra\u011fmen en uzak k\u00f6ye kadar giderek evde bak\u0131m hizmetinden yararlanan ki\u015filerin kontrollerini yap\u0131yor.<\/p>\n<p>Ayn\u0131 zamanda ihtiya\u00e7 duyulan ailelere psikososyal destek sunan ekipler, yerinde tespit ettikleri sorunlar\u0131 da ilgili kurumlara ileterek \u00e7\u00f6z\u00fclmesini sa\u011fl\u0131yor. Son olarak merkeze ba\u011fl\u0131 K\u00fcll\u00fcce k\u00f6y\u00fcne giden ASDEP ekibi, bir araya geldikleri vatanda\u015flar\u0131n taleplerini dinledi, yap\u0131lan yard\u0131mlar hakk\u0131nda bilgi verdi. Ekibe e\u015flik eden Aile ve Sosyal Hizmetler \u0130l M\u00fcd\u00fcr\u00fc Vefa Akdo\u011fan ve M\u00fcd\u00fcr Yard\u0131mc\u0131s\u0131 Veysi Erem, evde bak\u0131m hizmeti alan ve karde\u015finin evinde ya\u015fayan 61 ya\u015f\u0131ndaki zihinsel engelliyi ziyaret etti, \u00e7ocuklarla ilgilendi.<\/p>\n<p>Ailenin taleplerini dinleyen Akdo\u011fan, AA muhabirine, Bitlis&#8217;te evde bak\u0131m hizmeti sunduklar\u0131 4 bin 653 ki\u015fiyi d\u00fczenli ziyaret edip ihtiya\u00e7lar\u0131n\u0131 dinlediklerini s\u00f6yledi. \u0130klim \u015fartlar\u0131 ne olursa olsun her ko\u015fulda vatanda\u015flar\u0131n yan\u0131nda olduklar\u0131n\u0131 hissettirmeye \u00e7al\u0131\u015ft\u0131klar\u0131n\u0131 anlatan Akdo\u011fan, &#8220;Ziyaretlerimizde engellilerimizin ya\u015fad\u0131\u011f\u0131 ortam\u0131 ve ko\u015fullar\u0131 g\u00f6zlemliyoruz, sosyal hayata eri\u015fim konusunda s\u0131k\u0131nt\u0131 ya\u015f\u0131yorlarsa ve talepleri Bakanl\u0131\u011f\u0131m\u0131z\u0131n hizmeti kapsam\u0131nda ise \u00e7\u00f6z\u00fcme kavu\u015fturmaya \u00e7al\u0131\u015f\u0131yoruz. Payda\u015f kurumlar\u0131n hizmetleri kapsam\u0131nda ise dan\u0131\u015fma ve y\u00f6nlendirme faaliyetinde bulunuyoruz. Bununla kalmay\u0131p talebin takibini yap\u0131yoruz.&#8221; diye konu\u015ftu.<\/p>\n<p>&#8220;Vatanda\u015flar\u0131n memnuniyetini hi\u00e7bir \u015feye de\u011fi\u015fmeyiz&#8221;<\/p>\n<p>Aile ve Sosyal Hizmetler Bakanl\u0131\u011f\u0131n\u0131n devletin \u015fefkat eli oldu\u011funu vurgulayan Akdo\u011fan, \u015funlar\u0131 kaydetti:<\/p>\n<p>&#8220;Kar ve k\u0131\u015fa ra\u011fmen vatanda\u015flar\u0131n yan\u0131nda oluyoruz. Onlar\u0131n g\u00fcler y\u00fcz\u00fcn\u00fc g\u00f6rd\u00fc\u011f\u00fcm\u00fczde, devletin \u015fefkat elini oraya uzatt\u0131\u011f\u0131m\u0131zda, sohbet etti\u011fimizde mutlu oluyoruz. Vatanda\u015flar\u0131m\u0131z\u0131n memnuniyetini hi\u00e7bir \u015feye de\u011fi\u015fmeyiz. Bug\u00fcn de karl\u0131 yollar\u0131 a\u015farak Bitlis merkezimize ba\u011fl\u0131 K\u00fcll\u00fcce k\u00f6y\u00fcn\u00fc ziyaret ettik. Engelli evde bak\u0131m hizmeti sundu\u011fumuz ablam\u0131z\u0131 hanesinde ziyaret ettik. Bak\u0131m hizmeti sunan gelinle sohbet ettik. Bak\u0131m ko\u015fullar\u0131nda s\u0131k\u0131nt\u0131 ya\u015fay\u0131p ya\u015famad\u0131klar\u0131na dair bilgi ald\u0131k.&#8221;<\/p>\n<p>ASDEP kapsam\u0131nda 7 g\u00fcn 24 saat sahada t\u00fcm vatanda\u015flara dokunmaya \u00e7al\u0131\u015ft\u0131klar\u0131n\u0131 anlatan Akdo\u011fan, &#8220;Dokunmad\u0131\u011f\u0131m\u0131z yer bizim de\u011fildir&#8221; \u015fiar\u0131yla hareket ettiklerini kaydetti. Akdo\u011fan, hizmet alan her vatanda\u015f\u0131 ziyaret ederek taleplerini \u00e7\u00f6z\u00fcme kavu\u015fturduklar\u0131n\u0131 dile getirerek, &#8220;\u0130klim \u015fartlar\u0131 \u00e7ok zorlasa da kara batsak da devletin \u015fefkat elinin temsilcileri olarak, hizmet sundu\u011fumuz kitlelerin yan\u0131nda oldu\u011fumuzda ve onlar\u0131n s\u0131cak hanelerine kavu\u015ftu\u011fumuzda \u00e7ekti\u011fimiz zahmet g\u00f6z\u00fcm\u00fcze gelmiyor. Rabb&#8217;im devletimize zeval vermesin. Bu tarz k\u0131ymetli hizmet enstr\u00fcmanlar\u0131 oldu\u011fu s\u00fcrece biz de kar k\u0131\u015f demeden zorlu ko\u015fullar\u0131n hepsini a\u015farak insanlara ula\u015f\u0131p yanlar\u0131nda oldu\u011fumuzu hissettirece\u011fiz.&#8221; \u015feklinde konu\u015ftu.<\/p>\n<p>&nbsp;<\/p>\n<p>&nbsp;<\/p>\n<p><strong>KAYNAK:SONDAK\u0130KA<\/strong><\/p>\n","protected":false},"excerpt":{"rendered":"<p>Bitlis&#8217;te Aile ve Sosyal Hizmetler M\u00fcd\u00fcrl\u00fc\u011f\u00fc ekipleri, kar ve so\u011fuk havaya ra\u011fmen en \u00fccra yerle\u015fim birimlerine giderek evde bak\u0131m hizmeti alan 4 bin 653 ki\u015fiyi d\u00fczenli ziyaret edip devlet deste\u011finden faydalananlara destek oluyor. Aile ve Sosyal Hizmetler Bakanl\u0131\u011f\u0131nca hayata ge\u00e7irilen Aile Sosyal Destek Program\u0131 (ASDEP) kapsam\u0131nda olu\u015fturulan ekip, yard\u0131mlar hakk\u0131nda bilgilendirdikleri ihtiya\u00e7 sahiplerini yerinde tespit [&hellip;]<\/p>\n","protected":false},"author":1,"featured_media":2713,"comment_status":"open","ping_status":"closed","sticky":false,"template":"","format":"standard","meta":{"footnotes":""},"categories":[8,2300],"tags":[2321,2364,835,901,1194],"class_list":["post-2712","post","type-post","status-publish","format-standard","has-post-thumbnail","hentry","category-gundem","category-haber","tag-bitlis","tag-zorluk","tag-haber","tag-hizmet","tag-kis"],"_links":{"self":[{"href":"https:\/\/doguhabertv.com\/index.php?rest_route=\/wp\/v2\/posts\/2712","targetHints":{"allow":["GET"]}}],"collection":[{"href":"https:\/\/doguhabertv.com\/index.php?rest_route=\/wp\/v2\/posts"}],"about":[{"href":"https:\/\/doguhabertv.com\/index.php?rest_route=\/wp\/v2\/types\/post"}],"author":[{"embeddable":true,"href":"https:\/\/doguhabertv.com\/index.php?rest_route=\/wp\/v2\/users\/1"}],"replies":[{"embeddable":true,"href":"https:\/\/doguhabertv.com\/index.php?rest_route=%2Fwp%2Fv2%2Fcomments&post=2712"}],"version-history":[{"count":1,"href":"https:\/\/doguhabertv.com\/index.php?rest_route=\/wp\/v2\/posts\/2712\/revisions"}],"predecessor-version":[{"id":2714,"href":"https:\/\/doguhabertv.com\/index.php?rest_route=\/wp\/v2\/posts\/2712\/revisions\/2714"}],"wp:featuredmedia":[{"embeddable":true,"href":"https:\/\/doguhabertv.com\/index.php?rest_route=\/wp\/v2\/media\/2713"}],"wp:attachment":[{"href":"https:\/\/doguhabertv.com\/index.php?rest_route=%2Fwp%2Fv2%2Fmedia&parent=2712"}],"wp:term":[{"taxonomy":"category","embeddable":true,"href":"https:\/\/doguhabertv.com\/index.php?rest_route=%2Fwp%2Fv2%2Fcategories&post=2712"},{"taxonomy":"post_tag","embeddable":true,"href":"https:\/\/doguhabertv.com\/index.php?rest_route=%2Fwp%2Fv2%2Ftags&post=2712"}],"curies":[{"name":"wp","href":"https:\/\/api.w.org\/{rel}","templated":true}]}}