{"id":2709,"date":"2025-01-04T13:04:12","date_gmt":"2025-01-04T13:04:12","guid":{"rendered":"https:\/\/doguhabertv.com\/?p=2709"},"modified":"2025-01-04T13:04:12","modified_gmt":"2025-01-04T13:04:12","slug":"kahraman-gaziler-erzincanda-misafir-edildi","status":"publish","type":"post","link":"https:\/\/doguhabertv.com\/?p=2709","title":{"rendered":"Kahraman gaziler Erzincan&#8217;da misafir edildi"},"content":{"rendered":"<p><strong>&#8220;\u015eehitlerimize Gidiyoruz Projesi&#8221; kapsam\u0131nda\u00a0Kars\u00a0Sar\u0131kam\u0131\u015f&#8217;ta d\u00fczenlenecek olan \u015fehitleri anma program\u0131na kat\u0131lmak \u00fczere\u00a0\u0130stanbul&#8217;dan Sar\u0131kam\u0131\u015f&#8217;a yolculuk yapan gaziler\u00a0Erzincan&#8217;da misafir edildi. Vali Hamza Aydo\u011fdu Erzincan&#8217;da bir gece konaklayan kahraman gazileri makam\u0131nda a\u011f\u0131rlad\u0131.<\/strong><\/p>\n<p>T\u00fcrkiye\u00a0Muharip Gaziler Derne\u011fi Erzincan \u015eube Ba\u015fkan\u0131 Sabri Ta\u015f, \u0130stanbul\u00a0Avc\u0131lar\u00a0\u015eubesi Ba\u015fkan\u0131 Nurettin A\u011fao\u011flu ve beraberindeki gazileri a\u011f\u0131rlamaktan duydu\u011fu memnuniyeti dile getiren ve gazilerle bir s\u00fcre hasbihalde bulunan Vali Aydo\u011fdu, &#8220;Bu vatan, bu millet, aziz \u015fehitlerimize ve kahraman gazilerimize minnet ve \u015f\u00fckran bor\u00e7ludur. T\u00fcrk milleti tarih boyunca vatan\u0131, milleti, bayra\u011f\u0131 ve t\u00fcm de\u011ferleri u\u011fruna seve seve canlar\u0131n\u0131 feda eden kahramanlar\u0131n\u0131 asla unutmayacakt\u0131r&#8221; dedi.<\/p>\n<p><strong>KAYNAK:SONDAK\u0130KA<\/strong><\/p>\n","protected":false},"excerpt":{"rendered":"<p>&#8220;\u015eehitlerimize Gidiyoruz Projesi&#8221; kapsam\u0131nda\u00a0Kars\u00a0Sar\u0131kam\u0131\u015f&#8217;ta d\u00fczenlenecek olan \u015fehitleri anma program\u0131na kat\u0131lmak \u00fczere\u00a0\u0130stanbul&#8217;dan Sar\u0131kam\u0131\u015f&#8217;a yolculuk yapan gaziler\u00a0Erzincan&#8217;da misafir edildi. Vali Hamza Aydo\u011fdu Erzincan&#8217;da bir gece konaklayan kahraman gazileri makam\u0131nda a\u011f\u0131rlad\u0131. T\u00fcrkiye\u00a0Muharip Gaziler Derne\u011fi Erzincan \u015eube Ba\u015fkan\u0131 Sabri Ta\u015f, \u0130stanbul\u00a0Avc\u0131lar\u00a0\u015eubesi Ba\u015fkan\u0131 Nurettin A\u011fao\u011flu ve beraberindeki gazileri a\u011f\u0131rlamaktan duydu\u011fu memnuniyeti dile getiren ve gazilerle bir s\u00fcre hasbihalde bulunan Vali [&hellip;]<\/p>\n","protected":false},"author":1,"featured_media":2710,"comment_status":"open","ping_status":"closed","sticky":false,"template":"","format":"standard","meta":{"footnotes":""},"categories":[8,2300],"tags":[2343,2363,746,835,1420],"class_list":["post-2709","post","type-post","status-publish","format-standard","has-post-thumbnail","hentry","category-gundem","category-haber","tag-erzincan","tag-kahraman","tag-gazi","tag-haber","tag-misafir"],"_links":{"self":[{"href":"https:\/\/doguhabertv.com\/index.php?rest_route=\/wp\/v2\/posts\/2709","targetHints":{"allow":["GET"]}}],"collection":[{"href":"https:\/\/doguhabertv.com\/index.php?rest_route=\/wp\/v2\/posts"}],"about":[{"href":"https:\/\/doguhabertv.com\/index.php?rest_route=\/wp\/v2\/types\/post"}],"author":[{"embeddable":true,"href":"https:\/\/doguhabertv.com\/index.php?rest_route=\/wp\/v2\/users\/1"}],"replies":[{"embeddable":true,"href":"https:\/\/doguhabertv.com\/index.php?rest_route=%2Fwp%2Fv2%2Fcomments&post=2709"}],"version-history":[{"count":1,"href":"https:\/\/doguhabertv.com\/index.php?rest_route=\/wp\/v2\/posts\/2709\/revisions"}],"predecessor-version":[{"id":2711,"href":"https:\/\/doguhabertv.com\/index.php?rest_route=\/wp\/v2\/posts\/2709\/revisions\/2711"}],"wp:featuredmedia":[{"embeddable":true,"href":"https:\/\/doguhabertv.com\/index.php?rest_route=\/wp\/v2\/media\/2710"}],"wp:attachment":[{"href":"https:\/\/doguhabertv.com\/index.php?rest_route=%2Fwp%2Fv2%2Fmedia&parent=2709"}],"wp:term":[{"taxonomy":"category","embeddable":true,"href":"https:\/\/doguhabertv.com\/index.php?rest_route=%2Fwp%2Fv2%2Fcategories&post=2709"},{"taxonomy":"post_tag","embeddable":true,"href":"https:\/\/doguhabertv.com\/index.php?rest_route=%2Fwp%2Fv2%2Ftags&post=2709"}],"curies":[{"name":"wp","href":"https:\/\/api.w.org\/{rel}","templated":true}]}}