{"id":2696,"date":"2025-01-03T09:18:46","date_gmt":"2025-01-03T09:18:46","guid":{"rendered":"https:\/\/doguhabertv.com\/?p=2696"},"modified":"2025-01-03T09:18:46","modified_gmt":"2025-01-03T09:18:46","slug":"karsta-minibus-kazasi-27-yarali-25i-taburcu-edildi","status":"publish","type":"post","link":"https:\/\/doguhabertv.com\/?p=2696","title":{"rendered":"Kars&#8217;ta Minib\u00fcs Kazas\u0131: 27 Yaral\u0131, 25&#8217;i Taburcu Edildi"},"content":{"rendered":"<p><strong>KARS&#8217;ta iki minib\u00fcs\u00fcn kav\u015fakta \u00e7arp\u0131\u015ft\u0131\u011f\u0131 kazada yaralanan 27 ki\u015fiden 25&#8217;i, tedavileri sonras\u0131 taburcu edildi.<\/strong><\/p>\n<p>Kaza, d\u00fcn ak\u015fam saatlerinde\u00a0Ka\u011f\u0131zman\u00a0Kav\u015fa\u011f\u0131&#8217;nda meydana geldi.\u00a0Sar\u0131kam\u0131\u015f&#8217;a yolcu ta\u015f\u0131yan Re\u015fat Ejder y\u00f6netimindeki 36 M 9032 plakal\u0131 minib\u00fcs ile Ka\u011f\u0131zman&#8217;a sefer yapan Ahmet K\u0131z\u0131l y\u00f6netimindeki 36 M 8183 plakal\u0131 minib\u00fcs \u00e7arp\u0131\u015ft\u0131. \u0130hbarla b\u00f6lgeye \u00e7ok say\u0131da ekip sevk edildi. Kazada yaralanan 27 ki\u015fi, Harakani\u00a0Devlet Hastanesi\u00a0ile\u00a0Kafkas \u00dcniversitesi\u00a0Sa\u011fl\u0131k\u00a0Ara\u015ft\u0131rma ve Uygulama Merkezi&#8217;ne kald\u0131rd\u0131.\u00a0Kars\u00a0Valisi\u00a0Ziya Polat\u00a0yaral\u0131lar\u0131 ziyaret etti. Yaral\u0131lardan tedavileri tamamlanan 25&#8217;i taburcu edildi.<\/p>\n<div id=\"inpage_desktop\">\n<div>\n<div data-type=\"_mgwidget\" data-widget-id=\"1715779\"><\/div>\n<\/div>\n<\/div>\n<p>Kazaya ili\u015fkin soru\u015fturma s\u00fcr\u00fcyor.<\/p>\n<p><strong>KAYNAK:SONDAK\u0130KA<\/strong><\/p>\n","protected":false},"excerpt":{"rendered":"<p>KARS&#8217;ta iki minib\u00fcs\u00fcn kav\u015fakta \u00e7arp\u0131\u015ft\u0131\u011f\u0131 kazada yaralanan 27 ki\u015fiden 25&#8217;i, tedavileri sonras\u0131 taburcu edildi. Kaza, d\u00fcn ak\u015fam saatlerinde\u00a0Ka\u011f\u0131zman\u00a0Kav\u015fa\u011f\u0131&#8217;nda meydana geldi.\u00a0Sar\u0131kam\u0131\u015f&#8217;a yolcu ta\u015f\u0131yan Re\u015fat Ejder y\u00f6netimindeki 36 M 9032 plakal\u0131 minib\u00fcs ile Ka\u011f\u0131zman&#8217;a sefer yapan Ahmet K\u0131z\u0131l y\u00f6netimindeki 36 M 8183 plakal\u0131 minib\u00fcs \u00e7arp\u0131\u015ft\u0131. \u0130hbarla b\u00f6lgeye \u00e7ok say\u0131da ekip sevk edildi. Kazada yaralanan 27 ki\u015fi, Harakani\u00a0Devlet [&hellip;]<\/p>\n","protected":false},"author":1,"featured_media":2697,"comment_status":"open","ping_status":"closed","sticky":false,"template":"","format":"standard","meta":{"footnotes":""},"categories":[8,2300],"tags":[2334,2299,835],"class_list":["post-2696","post","type-post","status-publish","format-standard","has-post-thumbnail","hentry","category-gundem","category-haber","tag-kars","tag-yarali","tag-haber"],"_links":{"self":[{"href":"https:\/\/doguhabertv.com\/index.php?rest_route=\/wp\/v2\/posts\/2696","targetHints":{"allow":["GET"]}}],"collection":[{"href":"https:\/\/doguhabertv.com\/index.php?rest_route=\/wp\/v2\/posts"}],"about":[{"href":"https:\/\/doguhabertv.com\/index.php?rest_route=\/wp\/v2\/types\/post"}],"author":[{"embeddable":true,"href":"https:\/\/doguhabertv.com\/index.php?rest_route=\/wp\/v2\/users\/1"}],"replies":[{"embeddable":true,"href":"https:\/\/doguhabertv.com\/index.php?rest_route=%2Fwp%2Fv2%2Fcomments&post=2696"}],"version-history":[{"count":1,"href":"https:\/\/doguhabertv.com\/index.php?rest_route=\/wp\/v2\/posts\/2696\/revisions"}],"predecessor-version":[{"id":2698,"href":"https:\/\/doguhabertv.com\/index.php?rest_route=\/wp\/v2\/posts\/2696\/revisions\/2698"}],"wp:featuredmedia":[{"embeddable":true,"href":"https:\/\/doguhabertv.com\/index.php?rest_route=\/wp\/v2\/media\/2697"}],"wp:attachment":[{"href":"https:\/\/doguhabertv.com\/index.php?rest_route=%2Fwp%2Fv2%2Fmedia&parent=2696"}],"wp:term":[{"taxonomy":"category","embeddable":true,"href":"https:\/\/doguhabertv.com\/index.php?rest_route=%2Fwp%2Fv2%2Fcategories&post=2696"},{"taxonomy":"post_tag","embeddable":true,"href":"https:\/\/doguhabertv.com\/index.php?rest_route=%2Fwp%2Fv2%2Ftags&post=2696"}],"curies":[{"name":"wp","href":"https:\/\/api.w.org\/{rel}","templated":true}]}}