{"id":2679,"date":"2025-01-02T12:08:48","date_gmt":"2025-01-02T12:08:48","guid":{"rendered":"https:\/\/doguhabertv.com\/?p=2679"},"modified":"2025-01-02T12:08:48","modified_gmt":"2025-01-02T12:08:48","slug":"karsta-minibus-carpismasi-27-yarali","status":"publish","type":"post","link":"https:\/\/doguhabertv.com\/?p=2679","title":{"rendered":"Kars&#8217;ta Minib\u00fcs \u00c7arp\u0131\u015fmas\u0131: 27 Yaral\u0131"},"content":{"rendered":"<p><strong>Kars&#8217;ta iki minib\u00fcs\u00fcn \u00e7arp\u0131\u015fmas\u0131 sonucu 1&#8217;i a\u011f\u0131r, 27 ki\u015fi yaraland\u0131.<\/strong><\/p>\n<p>Re\u015fat Ejder idaresindeki 36 M 9032\u00a0Sar\u0131kam\u0131\u015f\u00a0Belediyesine ait yolcu minib\u00fcs\u00fc, Ahmet K\u0131z\u0131l y\u00f6netimindeki 36 M 8183 plakal\u0131 minib\u00fcsle Kars-\u00a0Selim\u00a0kara yolunun\u00a0Ka\u011f\u0131zman Kav\u015fa\u011f\u0131&#8217;nda \u00e7arp\u0131\u015ft\u0131. Kaza\u00a0yerine \u00e7ok say\u0131da sa\u011fl\u0131k, itfaiye,\u00a0AFAD, polis ve jandarma ekibi sevk edildi. Sa\u011fl\u0131k\u00a0ekipleri, kazada yaralanan 27 ki\u015fi Harakani\u00a0Devlet Hastanesi\u00a0ve\u00a0Kafkas \u00dcniversitesi Sa\u011fl\u0131k Ara\u015ft\u0131rma ve Uygulama Merkezine kald\u0131rd\u0131. Harakani Devlet Hastanesine sevk edilen 1 ki\u015finin durumunun a\u011f\u0131r oldu\u011fu \u00f6\u011frenildi. \u0130l Emniyet M\u00fcd\u00fcr\u00fc Mehmet \u00d6m\u00fcr Saka ve \u0130l\u00a0Jandarma\u00a0Komutan\u0131 K\u0131demli Albay\u00a0Yusuf Mutlu\u00a0Gen\u00e7, kaza yerine gelerek yetkililerden bilgi ald\u0131.<\/p>\n<p>Kars Valili\u011finden kazayla ilgili yap\u0131lan yaz\u0131l\u0131 a\u00e7\u0131klamada, \u015fu ifadelere yer verildi:<\/p>\n<p>&#8220;Ka\u011f\u0131zman Kav\u015fa\u011f\u0131 mevkisinde saat 16.40 s\u0131ralar\u0131nda 2 minib\u00fcs\u00fcn \u00e7arp\u0131\u015ft\u0131\u011f\u0131 ihbar\u0131 al\u0131nmas\u0131 \u00fczerine 7 ambulans ile emniyet, jandarma ve itfaiye ekiplerimiz olay yerine y\u00f6nlendirilmi\u015ftir. Kazada yaralanan 1&#8217;i a\u011f\u0131r olmak \u00fczere toplam 27 vatanda\u015f\u0131m\u0131z, Kars Harakani Devlet Hastanesi ve Kafkas \u00dcniversitesi\u00a0Sa\u011fl\u0131k Ara\u015ft\u0131rma ve Uygulama Hastanesi&#8217;ne sevk edilmi\u015f olup tetkik ve tedavileri devam etmektedir. Kazada yaralanan vatanda\u015flar\u0131m\u0131za acil \u015fifalar dileriz.&#8221;<\/p>\n<p><strong>KAYNAK:SONDAK\u0130KA<\/strong><\/p>\n","protected":false},"excerpt":{"rendered":"<p>Kars&#8217;ta iki minib\u00fcs\u00fcn \u00e7arp\u0131\u015fmas\u0131 sonucu 1&#8217;i a\u011f\u0131r, 27 ki\u015fi yaraland\u0131. Re\u015fat Ejder idaresindeki 36 M 9032\u00a0Sar\u0131kam\u0131\u015f\u00a0Belediyesine ait yolcu minib\u00fcs\u00fc, Ahmet K\u0131z\u0131l y\u00f6netimindeki 36 M 8183 plakal\u0131 minib\u00fcsle Kars-\u00a0Selim\u00a0kara yolunun\u00a0Ka\u011f\u0131zman Kav\u015fa\u011f\u0131&#8217;nda \u00e7arp\u0131\u015ft\u0131. Kaza\u00a0yerine \u00e7ok say\u0131da sa\u011fl\u0131k, itfaiye,\u00a0AFAD, polis ve jandarma ekibi sevk edildi. Sa\u011fl\u0131k\u00a0ekipleri, kazada yaralanan 27 ki\u015fi Harakani\u00a0Devlet Hastanesi\u00a0ve\u00a0Kafkas \u00dcniversitesi Sa\u011fl\u0131k Ara\u015ft\u0131rma ve Uygulama Merkezine [&hellip;]<\/p>\n","protected":false},"author":1,"featured_media":2680,"comment_status":"open","ping_status":"closed","sticky":false,"template":"","format":"standard","meta":{"footnotes":""},"categories":[8,2300],"tags":[2334,2299,835,1135],"class_list":["post-2679","post","type-post","status-publish","format-standard","has-post-thumbnail","hentry","category-gundem","category-haber","tag-kars","tag-yarali","tag-haber","tag-kaza"],"_links":{"self":[{"href":"https:\/\/doguhabertv.com\/index.php?rest_route=\/wp\/v2\/posts\/2679","targetHints":{"allow":["GET"]}}],"collection":[{"href":"https:\/\/doguhabertv.com\/index.php?rest_route=\/wp\/v2\/posts"}],"about":[{"href":"https:\/\/doguhabertv.com\/index.php?rest_route=\/wp\/v2\/types\/post"}],"author":[{"embeddable":true,"href":"https:\/\/doguhabertv.com\/index.php?rest_route=\/wp\/v2\/users\/1"}],"replies":[{"embeddable":true,"href":"https:\/\/doguhabertv.com\/index.php?rest_route=%2Fwp%2Fv2%2Fcomments&post=2679"}],"version-history":[{"count":1,"href":"https:\/\/doguhabertv.com\/index.php?rest_route=\/wp\/v2\/posts\/2679\/revisions"}],"predecessor-version":[{"id":2681,"href":"https:\/\/doguhabertv.com\/index.php?rest_route=\/wp\/v2\/posts\/2679\/revisions\/2681"}],"wp:featuredmedia":[{"embeddable":true,"href":"https:\/\/doguhabertv.com\/index.php?rest_route=\/wp\/v2\/media\/2680"}],"wp:attachment":[{"href":"https:\/\/doguhabertv.com\/index.php?rest_route=%2Fwp%2Fv2%2Fmedia&parent=2679"}],"wp:term":[{"taxonomy":"category","embeddable":true,"href":"https:\/\/doguhabertv.com\/index.php?rest_route=%2Fwp%2Fv2%2Fcategories&post=2679"},{"taxonomy":"post_tag","embeddable":true,"href":"https:\/\/doguhabertv.com\/index.php?rest_route=%2Fwp%2Fv2%2Ftags&post=2679"}],"curies":[{"name":"wp","href":"https:\/\/api.w.org\/{rel}","templated":true}]}}