{"id":2669,"date":"2024-12-30T13:19:07","date_gmt":"2024-12-30T13:19:07","guid":{"rendered":"https:\/\/doguhabertv.com\/?p=2669"},"modified":"2024-12-30T13:19:07","modified_gmt":"2024-12-30T13:19:07","slug":"hakkari-valisinden-dolandiricilik-uyarisi","status":"publish","type":"post","link":"https:\/\/doguhabertv.com\/?p=2669","title":{"rendered":"Hakkari Valisi&#8217;nden Doland\u0131r\u0131c\u0131l\u0131k Uyar\u0131s\u0131"},"content":{"rendered":"<p><strong>Hakkari\u00a0Valisi\u00a0Ali \u00c7elik, sosyal medya \u00fczerindeki doland\u0131r\u0131c\u0131l\u0131\u011f\u0131n artt\u0131\u011f\u0131n\u0131 belirterek, vatanda\u015flar\u0131n dikkatli olmas\u0131n\u0131 istedi.<\/strong><\/p>\n<p>Vali Ali \u00c7elik ba\u015fkanl\u0131\u011f\u0131nda; \u0130l\u00a0Jandarma\u00a0Komutan\u0131\u00a0Tu\u011fgeneral\u00a0Necip \u00c7ar\u0131kc\u0131o\u011flu, \u0130l Emniyet M\u00fcd\u00fcr\u00fc\u00a0\u0130dris Y\u0131lmaz&#8217;n\u0131n kat\u0131l\u0131m\u0131yla 2024 y\u0131l\u0131 asayi\u015f de\u011ferlendirme toplant\u0131s\u0131 yap\u0131ld\u0131. Burada konu\u015fan Vali Ali \u00c7elik, Hakkari&#8217;de ter\u00f6r olaylar\u0131n\u0131n ya\u015fanmad\u0131\u011f\u0131n\u0131 belirterek, il merkezi ve il\u00e7elerin huzurunu ya\u015fad\u0131\u011f\u0131n\u0131 s\u00f6yledi. Vali \u00c7elik, &#8220;Ge\u00e7en y\u0131la oranla h\u0131rs\u0131zl\u0131k olaylar\u0131nda y\u00fczde 55 azalma var. 161 \u015fah\u0131s kolluk birimlerimiz taraf\u0131ndan yakalanm\u0131\u015ft\u0131r. Ge\u00e7en y\u0131llara oranla doland\u0131r\u0131c\u0131l\u0131k olaylar\u0131nda y\u00fczde 32&#8217;lik bir art\u0131\u015f var. Bu da sosyal medya \u00fczerinde yap\u0131lan doland\u0131r\u0131c\u0131l\u0131k, kimlik bilgilerini alarak veya kendilerini hakim, savc\u0131 ve polis tan\u0131tarak yap\u0131lan doland\u0131r\u0131c\u0131l\u0131kt\u0131r. Halk\u0131m\u0131zdan iste\u011fimiz kendini devlet g\u00f6revlisi olarak tan\u0131tan ki\u015filere itimat etmemesidir. Vatanda\u015flar\u0131m\u0131zdan ricam\u0131z budur. Ayr\u0131ca kurumsal olmayan sosyal medyada kesinlikle al\u0131\u015fveri\u015f yapmay\u0131n&#8221; dedi.<\/p>\n<div id=\"inpage_desktop\">\n<div>\n<div data-type=\"_mgwidget\" data-widget-id=\"1715779\"><\/div>\n<\/div>\n<\/div>\n<p>&#8220;Ba\u015f\u0131m\u0131z\u0131n belas\u0131 olan en b\u00fcy\u00fck tehditlerden bir tanesi olan uyu\u015fturucu ile m\u00fccadelemiz devam ediyor&#8221; diyen Vali \u00c7elik, &#8220;542 ki\u015fiye i\u015flem yap\u0131lm\u0131\u015f. 63 \u015fah\u0131s ise tutuklanm\u0131\u015ft\u0131r.\u00a0G\u00f6\u00e7men ka\u00e7ak\u00e7\u0131l\u0131\u011f\u0131yla da m\u00fccadele \u00e7al\u0131\u015fmalar\u0131m\u0131z devam ediyor. Ge\u00e7en y\u0131la g\u00f6re azalma meydana gelmi\u015ftir&#8221; diye konu\u015ftu.<\/p>\n<p><strong>KAYNAK:SONDAK\u0130KA<\/strong><\/p>\n","protected":false},"excerpt":{"rendered":"<p>Hakkari\u00a0Valisi\u00a0Ali \u00c7elik, sosyal medya \u00fczerindeki doland\u0131r\u0131c\u0131l\u0131\u011f\u0131n artt\u0131\u011f\u0131n\u0131 belirterek, vatanda\u015flar\u0131n dikkatli olmas\u0131n\u0131 istedi. Vali Ali \u00c7elik ba\u015fkanl\u0131\u011f\u0131nda; \u0130l\u00a0Jandarma\u00a0Komutan\u0131\u00a0Tu\u011fgeneral\u00a0Necip \u00c7ar\u0131kc\u0131o\u011flu, \u0130l Emniyet M\u00fcd\u00fcr\u00fc\u00a0\u0130dris Y\u0131lmaz&#8217;n\u0131n kat\u0131l\u0131m\u0131yla 2024 y\u0131l\u0131 asayi\u015f de\u011ferlendirme toplant\u0131s\u0131 yap\u0131ld\u0131. Burada konu\u015fan Vali Ali \u00c7elik, Hakkari&#8217;de ter\u00f6r olaylar\u0131n\u0131n ya\u015fanmad\u0131\u011f\u0131n\u0131 belirterek, il merkezi ve il\u00e7elerin huzurunu ya\u015fad\u0131\u011f\u0131n\u0131 s\u00f6yledi. Vali \u00c7elik, &#8220;Ge\u00e7en y\u0131la oranla h\u0131rs\u0131zl\u0131k olaylar\u0131nda y\u00fczde 55 [&hellip;]<\/p>\n","protected":false},"author":1,"featured_media":2670,"comment_status":"open","ping_status":"closed","sticky":false,"template":"","format":"standard","meta":{"footnotes":""},"categories":[8,2300],"tags":[2327,835,1356,2130],"class_list":["post-2669","post","type-post","status-publish","format-standard","has-post-thumbnail","hentry","category-gundem","category-haber","tag-dolandirma","tag-haber","tag-medya","tag-uyari"],"_links":{"self":[{"href":"https:\/\/doguhabertv.com\/index.php?rest_route=\/wp\/v2\/posts\/2669","targetHints":{"allow":["GET"]}}],"collection":[{"href":"https:\/\/doguhabertv.com\/index.php?rest_route=\/wp\/v2\/posts"}],"about":[{"href":"https:\/\/doguhabertv.com\/index.php?rest_route=\/wp\/v2\/types\/post"}],"author":[{"embeddable":true,"href":"https:\/\/doguhabertv.com\/index.php?rest_route=\/wp\/v2\/users\/1"}],"replies":[{"embeddable":true,"href":"https:\/\/doguhabertv.com\/index.php?rest_route=%2Fwp%2Fv2%2Fcomments&post=2669"}],"version-history":[{"count":1,"href":"https:\/\/doguhabertv.com\/index.php?rest_route=\/wp\/v2\/posts\/2669\/revisions"}],"predecessor-version":[{"id":2671,"href":"https:\/\/doguhabertv.com\/index.php?rest_route=\/wp\/v2\/posts\/2669\/revisions\/2671"}],"wp:featuredmedia":[{"embeddable":true,"href":"https:\/\/doguhabertv.com\/index.php?rest_route=\/wp\/v2\/media\/2670"}],"wp:attachment":[{"href":"https:\/\/doguhabertv.com\/index.php?rest_route=%2Fwp%2Fv2%2Fmedia&parent=2669"}],"wp:term":[{"taxonomy":"category","embeddable":true,"href":"https:\/\/doguhabertv.com\/index.php?rest_route=%2Fwp%2Fv2%2Fcategories&post=2669"},{"taxonomy":"post_tag","embeddable":true,"href":"https:\/\/doguhabertv.com\/index.php?rest_route=%2Fwp%2Fv2%2Ftags&post=2669"}],"curies":[{"name":"wp","href":"https:\/\/api.w.org\/{rel}","templated":true}]}}