{"id":2660,"date":"2024-12-30T13:00:02","date_gmt":"2024-12-30T13:00:02","guid":{"rendered":"https:\/\/doguhabertv.com\/?p=2660"},"modified":"2024-12-30T13:00:02","modified_gmt":"2024-12-30T13:00:02","slug":"tusbada-kardan-kutarma-operasyonu","status":"publish","type":"post","link":"https:\/\/doguhabertv.com\/?p=2660","title":{"rendered":"Tu\u015fba&#8217;da Kardan Kutarma Operasyonu"},"content":{"rendered":"<p><strong>Van&#8217;\u0131n\u00a0Tu\u015fba\u00a0il\u00e7esinde kardan dolay\u0131 kayarak \u015farampole d\u00fc\u015fen 3 ara\u00e7, itfaiye ekipleri taraf\u0131ndan kurtar\u0131ld\u0131.<\/strong><\/p>\n<p>Van \u015fehir merkezinin en g\u00fczel izlendi\u011fi yerlerden biri olan ve Tu\u015fba il\u00e7esi s\u0131n\u0131rlar\u0131 i\u00e7erisinde bulunan\u00a0Toprakkale\u00a0Seyirteras\u0131, vatanda\u015flardan yo\u011fun ilgi g\u00f6r\u00fcyor. Ak\u015fam saatlerinde kar ya\u011f\u0131\u015f\u0131 alt\u0131nda Van&#8217;\u0131 seyretmeye gidenlerin bulundu\u011fu 3 ara\u00e7, yolun kaygan olmas\u0131ndan dolay\u0131 kayarak \u015farampole d\u00fc\u015ft\u00fc. Kendi imkanlar\u0131yla \u00e7\u0131kamayan s\u00fcr\u00fcc\u00fcler, itfaiyeye haber verdiler. K\u0131sa s\u00fcrede b\u00f6lgeye giden Tu\u015fba\u00a0\u0130tfaiye Grup Amirli\u011fi ekipleri, yakla\u015f\u0131k 2 saatlik \u00e7al\u0131\u015fma sonucu 3 ara\u00e7 ve 23 vatanda\u015f\u0131 mahsur kald\u0131klar\u0131 yerden kurtard\u0131. Vatanda\u015flar, kendilerini kurtaran itfaiye ekiplerine te\u015fekk\u00fcr ettiler.<\/p>\n<p><strong>KAYNAK:SONDAK\u0130KA<\/strong><\/p>\n","protected":false},"excerpt":{"rendered":"<p>Van&#8217;\u0131n\u00a0Tu\u015fba\u00a0il\u00e7esinde kardan dolay\u0131 kayarak \u015farampole d\u00fc\u015fen 3 ara\u00e7, itfaiye ekipleri taraf\u0131ndan kurtar\u0131ld\u0131. Van \u015fehir merkezinin en g\u00fczel izlendi\u011fi yerlerden biri olan ve Tu\u015fba il\u00e7esi s\u0131n\u0131rlar\u0131 i\u00e7erisinde bulunan\u00a0Toprakkale\u00a0Seyirteras\u0131, vatanda\u015flardan yo\u011fun ilgi g\u00f6r\u00fcyor. Ak\u015fam saatlerinde kar ya\u011f\u0131\u015f\u0131 alt\u0131nda Van&#8217;\u0131 seyretmeye gidenlerin bulundu\u011fu 3 ara\u00e7, yolun kaygan olmas\u0131ndan dolay\u0131 kayarak \u015farampole d\u00fc\u015ft\u00fc. Kendi imkanlar\u0131yla \u00e7\u0131kamayan s\u00fcr\u00fcc\u00fcler, itfaiyeye haber [&hellip;]<\/p>\n","protected":false},"author":1,"featured_media":2661,"comment_status":"open","ping_status":"closed","sticky":false,"template":"","format":"standard","meta":{"footnotes":""},"categories":[8,2300],"tags":[2359,2355,2347,835,1550],"class_list":["post-2660","post","type-post","status-publish","format-standard","has-post-thumbnail","hentry","category-gundem","category-haber","tag-itfaiye","tag-kurtarma","tag-van","tag-haber","tag-operasyon"],"_links":{"self":[{"href":"https:\/\/doguhabertv.com\/index.php?rest_route=\/wp\/v2\/posts\/2660","targetHints":{"allow":["GET"]}}],"collection":[{"href":"https:\/\/doguhabertv.com\/index.php?rest_route=\/wp\/v2\/posts"}],"about":[{"href":"https:\/\/doguhabertv.com\/index.php?rest_route=\/wp\/v2\/types\/post"}],"author":[{"embeddable":true,"href":"https:\/\/doguhabertv.com\/index.php?rest_route=\/wp\/v2\/users\/1"}],"replies":[{"embeddable":true,"href":"https:\/\/doguhabertv.com\/index.php?rest_route=%2Fwp%2Fv2%2Fcomments&post=2660"}],"version-history":[{"count":1,"href":"https:\/\/doguhabertv.com\/index.php?rest_route=\/wp\/v2\/posts\/2660\/revisions"}],"predecessor-version":[{"id":2662,"href":"https:\/\/doguhabertv.com\/index.php?rest_route=\/wp\/v2\/posts\/2660\/revisions\/2662"}],"wp:featuredmedia":[{"embeddable":true,"href":"https:\/\/doguhabertv.com\/index.php?rest_route=\/wp\/v2\/media\/2661"}],"wp:attachment":[{"href":"https:\/\/doguhabertv.com\/index.php?rest_route=%2Fwp%2Fv2%2Fmedia&parent=2660"}],"wp:term":[{"taxonomy":"category","embeddable":true,"href":"https:\/\/doguhabertv.com\/index.php?rest_route=%2Fwp%2Fv2%2Fcategories&post=2660"},{"taxonomy":"post_tag","embeddable":true,"href":"https:\/\/doguhabertv.com\/index.php?rest_route=%2Fwp%2Fv2%2Ftags&post=2660"}],"curies":[{"name":"wp","href":"https:\/\/api.w.org\/{rel}","templated":true}]}}