{"id":2657,"date":"2024-12-30T12:58:31","date_gmt":"2024-12-30T12:58:31","guid":{"rendered":"https:\/\/doguhabertv.com\/?p=2657"},"modified":"2024-12-30T12:58:31","modified_gmt":"2024-12-30T12:58:31","slug":"erciste-yangin-korkuttu","status":"publish","type":"post","link":"https:\/\/doguhabertv.com\/?p=2657","title":{"rendered":"Erci\u015f&#8217;te Yang\u0131n Korkuttu"},"content":{"rendered":"<p><strong>Van&#8217;\u0131n\u00a0Erci\u015f\u00a0il\u00e7esinde bir evin \u00e7at\u0131s\u0131 ile kazan dairesinde \u00e7\u0131kan yang\u0131n korkuya neden olurken, itfaiyenin m\u00fcdahalesi ile yang\u0131n b\u00fcy\u00fcmeden s\u00f6nd\u00fcr\u00fcld\u00fc.<\/strong><\/p>\n<p>Edinilen bilgiye g\u00f6re, yang\u0131n, il\u00e7enin Haydarbey Mahallesi&#8217;nde bir evin \u00e7at\u0131s\u0131 ile kazan dairesinde bilinmeyen bir sebepten dolay\u0131 yang\u0131n \u00e7\u0131kt\u0131. \u00c7evredekilerin haber vermesi \u00fczerine b\u00f6lgeye ambulans, jandarma Erci\u015f\u00a0\u0130tfaiye\u00a0Grup Amirli\u011fi ekipleri sevk edildi. \u0130tfaiyenin yakla\u015f\u0131k 2 saatlik m\u00fcdahalesi sonras\u0131 yang\u0131n s\u00f6nd\u00fcr\u00fcl\u00fcrken, evin \u00e7at\u0131s\u0131 ve kazan dairesi yanarak kullan\u0131lmaz hale geldi. Yang\u0131n s\u0131ras\u0131nda dumandan etkilenen 3 vatanda\u015fa sa\u011fl\u0131k ekipleri olay yerinde m\u00fcdahale etti.<\/p>\n<p>&nbsp;<\/p>\n<p><strong>KAYNAK:SONDAK\u0130KA<\/strong><\/p>\n","protected":false},"excerpt":{"rendered":"<p>Van&#8217;\u0131n\u00a0Erci\u015f\u00a0il\u00e7esinde bir evin \u00e7at\u0131s\u0131 ile kazan dairesinde \u00e7\u0131kan yang\u0131n korkuya neden olurken, itfaiyenin m\u00fcdahalesi ile yang\u0131n b\u00fcy\u00fcmeden s\u00f6nd\u00fcr\u00fcld\u00fc. Edinilen bilgiye g\u00f6re, yang\u0131n, il\u00e7enin Haydarbey Mahallesi&#8217;nde bir evin \u00e7at\u0131s\u0131 ile kazan dairesinde bilinmeyen bir sebepten dolay\u0131 yang\u0131n \u00e7\u0131kt\u0131. \u00c7evredekilerin haber vermesi \u00fczerine b\u00f6lgeye ambulans, jandarma Erci\u015f\u00a0\u0130tfaiye\u00a0Grup Amirli\u011fi ekipleri sevk edildi. \u0130tfaiyenin yakla\u015f\u0131k 2 saatlik m\u00fcdahalesi sonras\u0131 [&hellip;]<\/p>\n","protected":false},"author":1,"featured_media":2658,"comment_status":"open","ping_status":"closed","sticky":false,"template":"","format":"standard","meta":{"footnotes":""},"categories":[8,2300],"tags":[2359,2347,835,2190],"class_list":["post-2657","post","type-post","status-publish","format-standard","has-post-thumbnail","hentry","category-gundem","category-haber","tag-itfaiye","tag-van","tag-haber","tag-yangin"],"_links":{"self":[{"href":"https:\/\/doguhabertv.com\/index.php?rest_route=\/wp\/v2\/posts\/2657","targetHints":{"allow":["GET"]}}],"collection":[{"href":"https:\/\/doguhabertv.com\/index.php?rest_route=\/wp\/v2\/posts"}],"about":[{"href":"https:\/\/doguhabertv.com\/index.php?rest_route=\/wp\/v2\/types\/post"}],"author":[{"embeddable":true,"href":"https:\/\/doguhabertv.com\/index.php?rest_route=\/wp\/v2\/users\/1"}],"replies":[{"embeddable":true,"href":"https:\/\/doguhabertv.com\/index.php?rest_route=%2Fwp%2Fv2%2Fcomments&post=2657"}],"version-history":[{"count":1,"href":"https:\/\/doguhabertv.com\/index.php?rest_route=\/wp\/v2\/posts\/2657\/revisions"}],"predecessor-version":[{"id":2659,"href":"https:\/\/doguhabertv.com\/index.php?rest_route=\/wp\/v2\/posts\/2657\/revisions\/2659"}],"wp:featuredmedia":[{"embeddable":true,"href":"https:\/\/doguhabertv.com\/index.php?rest_route=\/wp\/v2\/media\/2658"}],"wp:attachment":[{"href":"https:\/\/doguhabertv.com\/index.php?rest_route=%2Fwp%2Fv2%2Fmedia&parent=2657"}],"wp:term":[{"taxonomy":"category","embeddable":true,"href":"https:\/\/doguhabertv.com\/index.php?rest_route=%2Fwp%2Fv2%2Fcategories&post=2657"},{"taxonomy":"post_tag","embeddable":true,"href":"https:\/\/doguhabertv.com\/index.php?rest_route=%2Fwp%2Fv2%2Ftags&post=2657"}],"curies":[{"name":"wp","href":"https:\/\/api.w.org\/{rel}","templated":true}]}}