{"id":2649,"date":"2024-12-28T14:07:14","date_gmt":"2024-12-28T14:07:14","guid":{"rendered":"https:\/\/doguhabertv.com\/?p=2649"},"modified":"2024-12-28T14:07:34","modified_gmt":"2024-12-28T14:07:34","slug":"vandaki-silahli-saldirinin-azmettiricisi-kutahyada-yakalandi","status":"publish","type":"post","link":"https:\/\/doguhabertv.com\/?p=2649","title":{"rendered":"Van&#8217;daki silahl\u0131 sald\u0131r\u0131n\u0131n azmettiricisi K\u00fctahya&#8217;da yakaland\u0131"},"content":{"rendered":"<header class=\"hbptHead\">\n<h2 class=\"description\"><\/h2>\n<\/header>\n<div>\n<p><strong>Van&#8217;\u0131n Erci\u015f il\u00e7esinde ger\u00e7ekle\u015fen biri sa\u011fl\u0131k \u00e7al\u0131\u015fan\u0131 2 ki\u015finin \u00f6ld\u00fcr\u00fcld\u00fc\u011f\u00fc silahl\u0131 sald\u0131r\u0131n\u0131n azmettiricisi oldu\u011fu iddias\u0131yla aranan ve K\u00fctahya&#8217;da g\u00f6zalt\u0131na al\u0131nan zanl\u0131 tutukland\u0131.<\/strong><\/p>\n<p>\u0130l Emniyet M\u00fcd\u00fcrl\u00fc\u011f\u00fc Asayi\u015f \u015eubesi Cinayet B\u00fcrosu ekipleri, 1 Kas\u0131m&#8217;da Erci\u015f&#8217;teki \u015eehit R\u0131dvan \u00c7evik Devlet Hastanesi&#8217;nde polis taraf\u0131ndan sa\u011fl\u0131k raporu i\u00e7in getirilen Ayhan Tokay ile sa\u011fl\u0131k \u00e7al\u0131\u015fan\u0131 Emre Budak&#8217;\u0131n \u00f6ld\u00fcr\u00fcld\u00fc\u011f\u00fc silahl\u0131 sald\u0131r\u0131n\u0131n azmettiricisi oldu\u011fu iddia edilen m\u00fcteahhit \u0130lyas D&#8217;nin (34) K\u00fctahya&#8217;da sakland\u0131\u011f\u0131n\u0131 belirledi. Zafertepe Mahallesi&#8217;ndeki bir in\u015faata operasyon d\u00fczenleyen ekipler, zanl\u0131y\u0131 konteynerde saklan\u0131rken yakalad\u0131. Yap\u0131lan \u00fcst aramas\u0131nda ruhsats\u0131z tabanca ele ge\u00e7irilen zanl\u0131, g\u00f6zalt\u0131na al\u0131narak emniyete g\u00f6t\u00fcr\u00fcld\u00fc. Emniyetteki i\u015flemlerinin ard\u0131ndan adliyeye sevk edilen zanl\u0131, \u00e7\u0131kar\u0131ld\u0131\u011f\u0131 hakimlik\u00e7e tutukland\u0131.<\/p>\n<p>Olay<\/p>\n<p>Erci\u015f il\u00e7esinde 1 Kas\u0131m&#8217;da, aralar\u0131nda alacak verecek meselesi bulunan 2 ki\u015fi aras\u0131nda kavga ya\u015fanm\u0131\u015f, kavgan\u0131n ard\u0131ndan \u015fikayet \u00fczerine g\u00f6zalt\u0131na al\u0131nan Ayd\u0131n Tokay, 2 Kas\u0131m&#8217;da sa\u011fl\u0131k kontrol\u00fc i\u00e7in \u015eehit R\u0131dvan \u00c7evik Devlet Hastanesine getirildi\u011fi s\u0131rada husumetlisi oldu\u011fu G\u00f6khan D&#8217;nin silahl\u0131 sald\u0131r\u0131s\u0131 sonucu hayat\u0131n\u0131 kaybetmi\u015fti.<\/p>\n<p>G\u00f6khan D&#8217;nin \u00e7evreye rastgele ate\u015f etmesi sonucu vurularak a\u011f\u0131r yaralanan hastanede y\u00f6nlendirme personeli olarak g\u00f6rev yapan sa\u011fl\u0131k \u00e7al\u0131\u015fan\u0131 Emrah Budak ise doktorlar\u0131n m\u00fcdahalesine ra\u011fmen kurtar\u0131lamam\u0131\u015ft\u0131.<\/p>\n<p>\u015e\u00fcpheli G\u00f6khan D&#8217;nin tutukland\u0131\u011f\u0131 olayla ilgili firari zanl\u0131 \u0130lyas D&#8217;nin hakk\u0131nda, azmettirici oldu\u011fu iddias\u0131yla Van Erci\u015f Sulh Ceza Hakimli\u011fi taraf\u0131ndan yakalama karar\u0131 \u00e7\u0131kar\u0131lm\u0131\u015ft\u0131.<\/p>\n<p><strong>KAYNAK:HABERLER<\/strong><\/p>\n<\/div>\n","protected":false},"excerpt":{"rendered":"<p>Van&#8217;\u0131n Erci\u015f il\u00e7esinde ger\u00e7ekle\u015fen biri sa\u011fl\u0131k \u00e7al\u0131\u015fan\u0131 2 ki\u015finin \u00f6ld\u00fcr\u00fcld\u00fc\u011f\u00fc silahl\u0131 sald\u0131r\u0131n\u0131n azmettiricisi oldu\u011fu iddias\u0131yla aranan ve K\u00fctahya&#8217;da g\u00f6zalt\u0131na al\u0131nan zanl\u0131 tutukland\u0131. \u0130l Emniyet M\u00fcd\u00fcrl\u00fc\u011f\u00fc Asayi\u015f \u015eubesi Cinayet B\u00fcrosu ekipleri, 1 Kas\u0131m&#8217;da Erci\u015f&#8217;teki \u015eehit R\u0131dvan \u00c7evik Devlet Hastanesi&#8217;nde polis taraf\u0131ndan sa\u011fl\u0131k raporu i\u00e7in getirilen Ayhan Tokay ile sa\u011fl\u0131k \u00e7al\u0131\u015fan\u0131 Emre Budak&#8217;\u0131n \u00f6ld\u00fcr\u00fcld\u00fc\u011f\u00fc silahl\u0131 sald\u0131r\u0131n\u0131n azmettiricisi [&hellip;]<\/p>\n","protected":false},"author":1,"featured_media":2650,"comment_status":"open","ping_status":"closed","sticky":false,"template":"","format":"standard","meta":{"footnotes":""},"categories":[8,2300],"tags":[2347,2320,835,1750],"class_list":["post-2649","post","type-post","status-publish","format-standard","has-post-thumbnail","hentry","category-gundem","category-haber","tag-van","tag-yakalanma","tag-haber","tag-saldiri"],"_links":{"self":[{"href":"https:\/\/doguhabertv.com\/index.php?rest_route=\/wp\/v2\/posts\/2649","targetHints":{"allow":["GET"]}}],"collection":[{"href":"https:\/\/doguhabertv.com\/index.php?rest_route=\/wp\/v2\/posts"}],"about":[{"href":"https:\/\/doguhabertv.com\/index.php?rest_route=\/wp\/v2\/types\/post"}],"author":[{"embeddable":true,"href":"https:\/\/doguhabertv.com\/index.php?rest_route=\/wp\/v2\/users\/1"}],"replies":[{"embeddable":true,"href":"https:\/\/doguhabertv.com\/index.php?rest_route=%2Fwp%2Fv2%2Fcomments&post=2649"}],"version-history":[{"count":2,"href":"https:\/\/doguhabertv.com\/index.php?rest_route=\/wp\/v2\/posts\/2649\/revisions"}],"predecessor-version":[{"id":2652,"href":"https:\/\/doguhabertv.com\/index.php?rest_route=\/wp\/v2\/posts\/2649\/revisions\/2652"}],"wp:featuredmedia":[{"embeddable":true,"href":"https:\/\/doguhabertv.com\/index.php?rest_route=\/wp\/v2\/media\/2650"}],"wp:attachment":[{"href":"https:\/\/doguhabertv.com\/index.php?rest_route=%2Fwp%2Fv2%2Fmedia&parent=2649"}],"wp:term":[{"taxonomy":"category","embeddable":true,"href":"https:\/\/doguhabertv.com\/index.php?rest_route=%2Fwp%2Fv2%2Fcategories&post=2649"},{"taxonomy":"post_tag","embeddable":true,"href":"https:\/\/doguhabertv.com\/index.php?rest_route=%2Fwp%2Fv2%2Ftags&post=2649"}],"curies":[{"name":"wp","href":"https:\/\/api.w.org\/{rel}","templated":true}]}}